{"id":304,"date":"2021-01-29T14:55:39","date_gmt":"2021-01-29T13:55:39","guid":{"rendered":"http:\/\/dudasrgy.hu\/?p=304"},"modified":"2021-01-29T14:55:39","modified_gmt":"2021-01-29T13:55:39","slug":"new-jersey-lezarult-az-1903-ban-alapitott-passaici-magyar-plebania-jubileumi-eve","status":"publish","type":"post","link":"https:\/\/dudasrgy.hu\/?p=304","title":{"rendered":"New Jersey: Lez\u00e1rult az 1903-ban alap\u00edtott passaici magyar pl\u00e9b\u00e1nia jubileumi \u00e9ve"},"content":{"rendered":"\n<p>R\u00e1di\u00f3interj\u00fa a Vatik\u00e1ni R\u00e1di\u00f3 magyar ad\u00e1s\u00e1b\u00f3l, mely elhangzott 2014. szeptember 23-\u00e1n. <\/p>\n\n\n\n<figure class=\"wp-block-audio\"><audio controls src=\"http:\/\/www.archivioradiovaticana.va\/storico\/UNG\/2014\/09\/files\/audiomp3\/00445555.MP3\"><\/audio><\/figure>\n\n\n\n<p>A Passaic-i Szent Istv\u00e1n Magyar templom 2013-14-ben \u00fcnnepelte fenn\u00e1ll\u00e1s\u00e1nak 110. \u00e9vfordul\u00f3j\u00e1t. Ez az \u00fcnneps\u00e9gsorozat z\u00e1rult le most a h\u00e9t v\u00e9g\u00e9n amikor a patersoni egyh\u00e1zmegye p\u00fcsp\u00f6ke, melynek ter\u00fclet\u00e9n tal\u00e1lhat\u00f3 a pl\u00e9b\u00e1nia, Arthur Serratelli \u00fcnnepi szentmis\u00e9vel lez\u00e1rta a megeml\u00e9kez\u0151 sorozatot.<br><br>Passaic k\u00fcl\u00f6nleges helyet t\u00f6lt be az amerikai magyars\u00e1g \u00e9let\u00e9ben. 110 \u00e9ve folyamatosan van magyar pap a k\u00f6z\u00f6ss\u00e9gben, ami az\u00e9rt is nagy sz\u00f3, mert az USA-ban jelenleg m\u00e1r tal\u00e1n ha 10 magyar katolikus pap van, s a keleti parton ez az egyetlen \u00f6n\u00e1ll\u00f3 magyar pl\u00e9b\u00e1nia. Amikor m\u00e1r New Yorkba se jut magyarul besz\u00e9l\u0151, ott \u00e9l\u0151 magyar lelkip\u00e1sztor, ez a hely val\u00f3di kincses sziget a magyarul besz\u00e9l\u0151, \u00e9l\u0151 emberek sz\u00e1m\u00e1ra.<br><br>Ha egy kicsit belen\u00e9z\u00fcnk a templom t\u00f6rt\u00e9net\u00e9be, az els\u0151 komolyabb esem\u00e9ny, amikor 1902. december 24-\u00e9n, az akkori p\u00fcsp\u00f6k kinevezte Messerschmidt G\u00e9z\u00e1t a leend\u0151 pl\u00e9b\u00e1nia vezet\u0151j\u00e9nek. Nem volt se h\u00e1za, se temploma, de \u00fcgyes \u00e9s lelkes szervez\u0151 volt, m\u00e1snap m\u00e1r magyarul pr\u00e9dik\u00e1lt \u201eegy illend\u0151 teremben\u201d, ahogy a feljegyz\u00e9sek mondj\u00e1k.<br><br>1903 m\u00e1rcius k\u00f6zep\u00e9n, az egyh\u00e1zi tan\u00e1cs gy\u0171l\u00e9s\u00e9n kimondt\u00e1k, hogy a templom meglesz, azt is hogy g\u00f3t st\u00edlus\u00fa \u00e9s t\u00e9gl\u00e1b\u00f3l. Ebb\u0151l k\u00e9s\u0151bb n\u00e9mi v\u00e1ltoz\u00e1ssal g\u00f3t \u00e9s r\u00f3mai kever\u00e9k lett. J\u00fanius 21-\u00e9n helyezt\u00e9k el az alapk\u00f6vet, majd r\u00e1 egy \u00e9vre 1904. augusztus 21-\u00e9n szentelt\u00e9k fel.<br><br>A templom mellett k\u00e9s\u0151bb iskola, pl\u00e9b\u00e1nia, z\u00e1rda \u00e9p\u00fclt, s a mai napig hallatszik a magyar sz\u00f3, noha a k\u00f6rny\u00e9ken m\u00e1r nem sok magyar \u00e9l, a legt\u00f6bben t\u00e1voli vid\u00e9kekr\u0151l New Jersey-b\u0151l, New Yorkb\u00f3l, de van aki Pennsylvania \u00e1llamb\u00f3l j\u00e1r magyar nyelv\u0171 szentmis\u00e9re. Hogy milyen jelent\u0151s ez a hely, azt az is bizony\u00edtja, hogy amerikai pasztor\u00e1ci\u00f3s \u00fatj\u00e1n Mindszenty J\u00f3zsef hercegpr\u00edm\u00e1s, b\u00edboros t\u00f6bb napot is t\u00f6lt\u00f6tt itt.<br><br>Passaic mindenkit v\u00e1r, hiszen ez a hely mindenkinek fontos, akiknek fontos egyh\u00e1zunk, New Jersey egyik utols\u00f3 magyar b\u00e1sty\u00e1j\u00e1nak fennmarad\u00e1sa, akik r\u00e9sztvettek az elm\u00falt \u00e9vtizedek l\u00e9lekemel\u0151 esem\u00e9nyein, akik valaha a Szent Istv\u00e1n Iskol\u00e1ba j\u00e1rtak, t\u00e1mogat\u00f3i, rendez\u0151i \u00e9s f\u00e1radhatatlan munk\u00e1sai voltak a k\u00f6zkedvelt Megye \u00e9s M\u00fazeum b\u00e1loknak, \u00e9s akik hisznek magyar k\u00f6z\u00f6ss\u00e9g\u00fcnkben.<br><br>Az \u00fcnnepi \u00e9vet Dr. Cserh\u00e1ti Ferenc, a k\u00fclf\u00f6ldi magyarok pasztor\u00e1ci\u00f3j\u00e1val megb\u00edzott Esztergom-Budapesti seg\u00e9dp\u00fcsp\u00f6k nyitotta meg, de az \u00e9v folyam\u00e1n tisztelet\u00e9t tette B\u00f6cskei L\u00e1szl\u00f3, nagyv\u00e1radi megy\u00e9sp\u00fcsp\u00f6k is, hiszen a jelenlegi pl\u00e9b\u00e1nos \u2013 Vas L\u00e1szl\u00f3 atya \u2013 nagyv\u00e1radi egyh\u00e1zmegy\u00e9s. Az \u00e9v folyam\u00e1n mind a lelki, mind pedig a testi \u00fcnnepl\u00e9sben igyekezett az egyh\u00e1zk\u00f6zs\u00e9g \u00faj er\u0151t mer\u00edteni, szentmis\u00e9k, de k\u00f6z\u00f6s bogr\u00e1csoz\u00e1sok, k\u00f6z\u00f6s \u00e9tkez\u00e9sek is sz\u00e9p sz\u00e1mmal voltak.<br><br>B\u00e1r a megeml\u00e9kez\u0151 \u00e9v most szombaton a p\u00fcsp\u00f6ki szentmis\u00e9vel, s az azt k\u00f6vet\u0151 \u00fcnnepi vacsor\u00e1val v\u00e9get \u00e9rt, de m\u00e9g egy programja lesz, hiszen most szombaton d\u00e9lut\u00e1n 2:30-kor Dr. \u00c1der J\u00e1nos Magyarorsz\u00e1g k\u00f6zt\u00e1rsas\u00e1gi eln\u00f6ke teszi tisztelet\u00e9t templomunkban, ahol tal\u00e1lkozhat helyiekkel, helyi civil szervezetekkel, k\u00f6z\u00f6ss\u00e9gekkel is, az USA-ban \u00e9l\u0151 magyarokkal.<\/p>\n\n\n\n<p>Forr\u00e1s: <a rel=\"noreferrer noopener\" href=\"http:\/\/www.archivioradiovaticana.va\/storico\/2014\/09\/23\/new_jersey_lez%C3%A1rult_az_1903-ban_alap%C3%ADtott_passaici_magyar_pl%C3%A9b%C3%A1nia\/ung-827011\" data-type=\"URL\" data-id=\"http:\/\/www.archivioradiovaticana.va\/storico\/2014\/09\/23\/new_jersey_lez%C3%A1rult_az_1903-ban_alap%C3%ADtott_passaici_magyar_pl%C3%A9b%C3%A1nia\/ung-827011\" target=\"_blank\">http:\/\/www.archivioradiovaticana.va\/storico\/2014\/09\/23\/new_jersey_lez%C3%A1rult_az_1903-ban_alap%C3%ADtott_passaici_magyar_pl%C3%A9b%C3%A1nia\/ung-827011<\/a><\/p>\n ","protected":false},"excerpt":{"rendered":"<p>R\u00e1di\u00f3interj\u00fa a Vatik\u00e1ni R\u00e1di\u00f3 magyar ad\u00e1s\u00e1b\u00f3l, mely elhangzott 2014. szeptember 23-\u00e1n. A Passaic-i Szent Istv\u00e1n Magyar templom 2013-14-ben \u00fcnnepelte fenn\u00e1ll\u00e1s\u00e1nak 110. \u00e9vfordul\u00f3j\u00e1t. Ez az \u00fcnneps\u00e9gsorozat z\u00e1rult le most a h\u00e9t v\u00e9g\u00e9n amikor a patersoni egyh\u00e1zmegye p\u00fcsp\u00f6ke, melynek ter\u00fclet\u00e9n tal\u00e1lhat\u00f3 a pl\u00e9b\u00e1nia, Arthur Serratelli \u00fcnnepi szentmis\u00e9vel lez\u00e1rta a megeml\u00e9kez\u0151 sorozatot. Passaic k\u00fcl\u00f6nleges helyet t\u00f6lt be az amerikai magyars\u00e1g \u00e9let\u00e9ben. 110 \u00e9ve folyamatosan van magyar pap a k\u00f6z\u00f6ss\u00e9gben, ami az\u00e9rt is nagy sz\u00f3, mert az USA-ban jelenleg m\u00e1r tal\u00e1n ha 10 magyar katolikus pap van, s a keleti parton ez az egyetlen [&hellip;]<\/p>\n","protected":false},"author":2,"featured_media":159,"comment_status":"open","ping_status":"open","sticky":false,"template":"","format":"standard","meta":{"footnotes":""},"categories":[25,23],"tags":[],"class_list":["post-304","post","type-post","status-publish","format-standard","has-post-thumbnail","hentry","category-egyebek","category-interju","cat-25-id","cat-23-id","has_thumb"],"_links":{"self":[{"href":"https:\/\/dudasrgy.hu\/index.php?rest_route=\/wp\/v2\/posts\/304","targetHints":{"allow":["GET"]}}],"collection":[{"href":"https:\/\/dudasrgy.hu\/index.php?rest_route=\/wp\/v2\/posts"}],"about":[{"href":"https:\/\/dudasrgy.hu\/index.php?rest_route=\/wp\/v2\/types\/post"}],"author":[{"embeddable":true,"href":"https:\/\/dudasrgy.hu\/index.php?rest_route=\/wp\/v2\/users\/2"}],"replies":[{"embeddable":true,"href":"https:\/\/dudasrgy.hu\/index.php?rest_route=%2Fwp%2Fv2%2Fcomments&post=304"}],"version-history":[{"count":1,"href":"https:\/\/dudasrgy.hu\/index.php?rest_route=\/wp\/v2\/posts\/304\/revisions"}],"predecessor-version":[{"id":305,"href":"https:\/\/dudasrgy.hu\/index.php?rest_route=\/wp\/v2\/posts\/304\/revisions\/305"}],"wp:featuredmedia":[{"embeddable":true,"href":"https:\/\/dudasrgy.hu\/index.php?rest_route=\/wp\/v2\/media\/159"}],"wp:attachment":[{"href":"https:\/\/dudasrgy.hu\/index.php?rest_route=%2Fwp%2Fv2%2Fmedia&parent=304"}],"wp:term":[{"taxonomy":"category","embeddable":true,"href":"https:\/\/dudasrgy.hu\/index.php?rest_route=%2Fwp%2Fv2%2Fcategories&post=304"},{"taxonomy":"post_tag","embeddable":true,"href":"https:\/\/dudasrgy.hu\/index.php?rest_route=%2Fwp%2Fv2%2Ftags&post=304"}],"curies":[{"name":"wp","href":"https:\/\/api.w.org\/{rel}","templated":true}]}}