{"id":152,"date":"2020-12-09T12:14:23","date_gmt":"2020-12-09T11:14:23","guid":{"rendered":"http:\/\/dudasrgy.hu\/?p=152"},"modified":"2020-12-09T12:15:00","modified_gmt":"2020-12-09T11:15:00","slug":"az-utlevel-a-gyonyoru","status":"publish","type":"post","link":"https:\/\/dudasrgy.hu\/?p=152","title":{"rendered":"Az \u00fatlev\u00e9l, a gy\u00f6ny\u00f6r\u0171"},"content":{"rendered":"\n<p>Bencsik P\u00e9ter: Kelet \u00e9s Nyugat k\u00f6z\u00f6tt \u2013 \u00c1llamhat\u00e1rok, \u00fati okm\u00e1nyok, hat\u00e1r\u00e1tl\u00e9p\u00e9s Magyarorsz\u00e1gon \u00e9s Csehszlov\u00e1ki\u00e1ban (1945\u20131989). Budapest, MTA BTK T\u00f6rt\u00e9nettudom\u00e1nyi Int\u00e9zet, 2019. 440 oldal<\/p>\n\n\n\n<figure class=\"wp-block-image size-large\"><img loading=\"lazy\" decoding=\"async\" width=\"730\" height=\"487\" src=\"https:\/\/dudasrgy.hu\/wp-content\/uploads\/2020\/12\/LA-20.09.18.Slide_-730x487-1.jpg\" alt=\"\" class=\"wp-image-153\" srcset=\"https:\/\/dudasrgy.hu\/wp-content\/uploads\/2020\/12\/LA-20.09.18.Slide_-730x487-1.jpg 730w, https:\/\/dudasrgy.hu\/wp-content\/uploads\/2020\/12\/LA-20.09.18.Slide_-730x487-1-300x200.jpg 300w\" sizes=\"auto, (max-width: 730px) 100vw, 730px\" \/><\/figure>\n\n\n\n<p>\u00datlev\u00e9l, gy\u00f6ny\u00f6r\u0171 sz\u00f3, ak\u00e1r a szerelem \u2013 fogalmaz F\u00f6ldes L\u00e1szl\u00f3 Hobo, a Csavarg\u00f3k T\u00edzparancsolata c\u00edm\u0171 \u00f6n\u00e1ll\u00f3 estj\u00e9ben. S b\u00e1r nem illik dalsz\u00f6veggel, s pl\u00e1ne saj\u00e1t csal\u00e1di anekdot\u00e1val kezdeni egy k\u00f6nyv recenzi\u00f3j\u00e1t, de a fenti dalon k\u00edv\u00fcl nekem m\u00e9gis egy r\u00e9gi csal\u00e1di t\u00f6rt\u00e9net jutott eszembe e k\u00f6nyv olvas\u00e1sa k\u00f6zben. Mivel Bencsik P\u00e9ter, jelen k\u00f6tet szerz\u0151je bevezet\u0151j\u00e9ben t\u00f6bb t\u00f6rt\u00e9netet hoz, ez\u00e9rt veszem a b\u00e1tors\u00e1got \u00e9s megosztom. Nagyap\u00e1m, aki Szegeden vasutas volt, soha nem arr\u00f3l volt h\u00edres, hogy csendben tudott volna maradni. S mivel kiv\u00e1l\u00f3 vasutas (pontosabban vasutas-villanyszerel\u0151) volt, minden \u00e9vben kapott egy szabadjegyet k\u00e9t f\u0151re, nemzetk\u00f6zi utaz\u00e1sra jogos\u00edt\u00f3an, 1000 kilom\u00e9ter t\u00e1vols\u00e1gra. S mivel soha nem tudta befogni a sz\u00e1j\u00e1t, f\u0151leg, ha politikai k\u00e9rd\u00e9sekr\u0151l volt sz\u00f3, soha nem kapott \u00fatlevelet. B\u00e1rkit jel\u00f6lt meg \u00fatit\u00e1rsk\u00e9nt. Egyik \u00e9vben, tal\u00e1n 1985 k\u00f6r\u00fcl, amikor \u00e9n h\u00e9t \u00e9ves lehettem engem jel\u00f6lt meg. Sokat t\u00f6prengett hova is utazna \u2013 elm\u00e9letben. Szocialista \u00e1llamok? Na ne. Oda nem akart menni. Pl\u00e1ne nem a szovjetekhez. Noha, elmond\u00e1sa szerint h\u00e1rom boldog \u00e9vet t\u00f6lt\u00f6tt a fest\u0151i Szib\u00e9ri\u00e1ban, mert nem volt ott az asszony. \u0150 B\u00e9csbe akart menni. B\u0151ven benne van az 1000 km-ben. Nem lehetett. Visszaj\u00f6tt a pap\u00edr, s \u00e1ll\u00edt\u00f3lag \u00e9n is k\u00fcl\u00f6n kaptam. Az \u00f6n utaz\u00e1sa nemzetbiztons\u00e1gi \u00e9rdekeket s\u00e9rt. S ekkor k\u00e9rdezte meg nagyap\u00e1m, hogy vajon, azon k\u00edv\u00fcl, hogy szilveszterkor sz\u00fclettem mi k\u00f6z\u00f6m lehet Matuska Szilveszterhez, mert m\u00e1s okot nem l\u00e1t arra, hogy engem se engedjenek ki. Az\u00f3ta t\u00f6bbsz\u00f6r j\u00e1rtam B\u00e9csben, s minden alkalommal az \u201e\u00f6regre\u201d eml\u00e9kezem, aki politikailag k\u00e9pzetlen\u00fcl, de igen nagysz\u00e1j\u00faan 1989-ben meghalt, miel\u0151tt val\u00f3ban megn\u00e9zhette volna B\u00e9cs v\u00e1ros\u00e1t.<\/p>\n\n\n\n<p>Bencsik P\u00e9ter nem els\u0151 alkalommal foglalkozik az \u00fatlevelek, a hat\u00e1r\u00e1tl\u00e9p\u00e9s k\u00e9rd\u00e9s\u00e9vel. 2003-ban megjelent k\u00f6tete a magyar \u00fatiokm\u00e1nyokat vizsg\u00e1lta 1867-1945 k\u00f6z\u00f6tt, majd 2005-ben Nagy Gy\u00f6rggyel k\u00f6z\u00f6sen folytatta ezek vizsg\u00e1lat\u00e1t 1945 \u00e9s 1989 k\u00f6z\u00f6tt. A 2019-ben megjelent Kelet \u00e9s Nyugat k\u00f6z\u00f6tt \u2013 \u00c1llamhat\u00e1rok, \u00fati okm\u00e1nyok, hat\u00e1r\u00e1tl\u00e9p\u00e9s Magyarorsz\u00e1gon \u00e9s Csehszlov\u00e1ki\u00e1ban (1945\u20131989) c\u00edm\u0171 k\u00f6tet az MTA B\u00f6lcs\u00e9szettudom\u00e1nyi Kutat\u00f3k\u00f6zpont T\u00f6rt\u00e9nettudom\u00e1nyi Int\u00e9zet sorozat\u00e1ban jelent meg, s sz\u00e1mos nagyon izgalmas k\u00e9rd\u00e9st feszeget, hiszen a hat\u00e1rok, azok \u00e1tl\u00e9p\u00e9se, az esetleges illeg\u00e1lis hat\u00e1r\u00e1tl\u00e9p\u00e9s ma \u2013 k\u00fcl\u00f6n\u00f6sen Magyarorsz\u00e1gon \u2013 rendk\u00edv\u00fcl nagy figyelmet kap. Bencsik P\u00e9ter k\u00f6nyve az\u00e9rt is k\u00fcl\u00f6nleges \u00e9s egyed\u00fcl\u00e1ll\u00f3, mert nem a kv\u00e1zi szokott form\u00e1t haszn\u00e1lja, hogy egy-egy orsz\u00e1g szab\u00e1lyait vizsg\u00e1lja, annak t\u00f6rt\u00e9net\u00e9vel foglalkozik, hanem mindj\u00e1rt k\u00e9t orsz\u00e1got, Magyarorsz\u00e1got \u00e9s az akkor m\u00e9g l\u00e9tez\u0151 Csehszlov\u00e1ki\u00e1t veti \u00f6ssze, felmutatva a szocialista rendszerek hasonl\u00f3s\u00e1gait, de jelent\u0151s k\u00fcl\u00f6nbs\u00e9geit is, melyet \u0151 csak keleti modellnek nevez. P\u00e9ld\u00e1kat \u00e9s t\u00f6rt\u00e9neteket hoz azokra, akik egyenl\u0151bbek lehettek az egyenl\u0151kn\u00e9l, az egyre t\u00e1gul\u00f3, majd politikai okokb\u00f3l visszasz\u0171k\u00fcl\u0151 lehet\u0151s\u00e9gekre, melyeknek f\u0151 saj\u00e1toss\u00e1ga volt a hat\u00e1rok fizikai, illet\u0151leg politikai lez\u00e1r\u00e1sa, a k\u00fclf\u00f6ldi turizmus keretek k\u00f6z\u00e9 sz\u0171k\u00edt\u00e9s\u00e9nek c\u00e9lja volt.<\/p>\n\n\n\n<p>A k\u00f6tet kimondott c\u00e9lja, hogy bemutassa a k\u00e9t orsz\u00e1g hat\u00e1rrezsimj\u00e9t, s ezeket \u00f6sszehasonl\u00edtsa. A szerz\u0151 m\u00e1r a k\u00f6nyv bevezet\u00e9sekor kimondja, hogy ezt aszimmetrikus m\u00f3don teszi, f\u0151 csap\u00e1sir\u00e1nya a magyar rendszer bemutat\u00e1sa, s a csehszlov\u00e1k egyfajta kontrollcsoportot jelent. A szerz\u0151 t\u00f6bb ir\u00e1nyb\u00f3l is vizsg\u00e1lja a hat\u00e1rv\u00e9delem, a hat\u00e1r\u00e1tl\u00e9p\u00e9s k\u00e9rd\u00e9s\u00e9t, de vizsg\u00e1lja a hat\u00e1rt, mint fogalmat, amely nem csak az \u00e1llamokat v\u00e1lasztja sz\u00e9t, hanem a hat\u00e1ron \u00e1tl\u00e9pni akar\u00f3 szem\u00e9lyeket is, abban az \u00e9rtelemben, hogy egy \u2013 elvben \u2013 az \u00e1llampolg\u00e1rok \u00e1ltal v\u00e1lasztott test\u00fclet (parlament, korm\u00e1ny, minisztertan\u00e1cs, eln\u00f6ki tan\u00e1cs &#8211; elnevez\u00e9se szinte l\u00e9nyegtelen), hogyan osztja k\u00e9t r\u00e9sze az embereket, azokra akiknek megengedi, hogy \u00e1tl\u00e9pje a hat\u00e1rt, s azokra, akiknek nem.<\/p>\n\n\n\n<p>A k\u00f6nyv k\u00e9t nagy r\u00e9szre, s t\u00f6bb fejezetre oszlik. Az els\u0151 nagy r\u00e9sz, melynek c\u00edme Keretek, ink\u00e1bb elm\u00e9leti, illetve t\u00f6rt\u00e9neti visszatekint\u00e9s. Az elm\u00e9leti r\u00e9szben a szerz\u0151 \u00e1ttekinti, hogy mi az \u00e1llamhat\u00e1r fogalma, milyen funkci\u00f3i lehetnek. K\u00fcl\u00f6n \u00e9rdekes az ebben a fejezetben kifejtett, m\u00e1r-m\u00e1r filoz\u00f3fiai szint\u0171 gondolatsor: a hat\u00e1r, mint olyan, elv\u00e1laszt\u00f3, de egyben \u00f6sszek\u00f6t\u0151 szerep\u00e9r\u0151l. A k\u00f6tet ezut\u00e1n egy \u00e1ttekint\u00e9st ad, a hat\u00e1rrezsimek fejl\u0151d\u00e9s\u00e9r\u0151l, a bibliai id\u0151kt\u0151l 1945-ig. Ebben a fejezetben a szerz\u0151 m\u00e1r specializ\u00e1l\u00f3dik, egyre ink\u00e1bb az \u00e1ltal\u00e1nos bemutat\u00e1st\u00f3l eljut a t\u00e9m\u00e1ban szerepl\u0151 k\u00e9t orsz\u00e1g szab\u00e1lyzatainak bemutat\u00e1s\u00e1ra fel\u00e9, amelyet az 1945 ut\u00e1ni id\u0151szakkal foglalkoz\u00f3 fejezetben cs\u00facsos\u00edt ki, bemutatva a keleti \u00e9s a nyugati modellt, s ezek jogt\u00f6rt\u00e9net\u00e9t, jogi \u00e9s politikai vet\u00fcleteit, alapvet\u0151 von\u00e1sait.<\/p>\n\n\n\n<p>A m\u00e1sodik r\u00e9sz \u2013 amely sokkal terjedelmesebb az els\u0151n\u00e9l \u2013 konkr\u00e9tan bemutatja a hat\u00e1rok \u00e9s a hat\u00e1r\u00e1tl\u00e9p\u00e9s k\u00e9rd\u00e9seit Magyarorsz\u00e1gon \u00e9s Csehszlov\u00e1ki\u00e1ban 1945 \u00e9s 1989 k\u00f6z\u00f6tt. A kezd\u0151 \u00e9s z\u00e1r\u00f3 id\u0151pont teljesen \u00e9rthet\u0151, hiszen a II. vil\u00e1gh\u00e1bor\u00fa teljes m\u00e9rt\u00e9kben megv\u00e1ltoztatta a magyar (\u00e9s a csehszlov\u00e1k) \u00e1llam hozz\u00e1\u00e1ll\u00e1s\u00e1t a szabad utaz\u00e1s k\u00e9rd\u00e9s\u00e9r\u0151l, s a lez\u00e1r\u00e1s is re\u00e1lis, mert a rendszerv\u00e1lt\u00e1s, rendszerv\u00e1ltoztat\u00e1s mind a k\u00e9t orsz\u00e1gban fokozatosan meghozta a \u2013 gyakorlatilag \u2013 teljesen szabad utaz\u00e1s lehet\u0151s\u00e9g\u00e9t.<\/p>\n\n\n\n<p>Ez a r\u00e9sz szisztematikusan megvizsg\u00e1lja az \u00fatlevelek \u00e9s a t\u00e1vols\u00e1gi forgalom szab\u00e1lyoz\u00e1s\u00e1t, azt, hogy ki \u00e9s milyen felt\u00e9telekkel kaphatott \u00fati okm\u00e1nyt, ennek enyh\u00fcl\u00e9s\u00e9t, majd \u00fajb\u00f3li szigorod\u00e1s\u00e1t, a hat\u00f3s\u00e1gok r\u00e9sz\u00e9r\u0151l t\u00f6rt\u00e9n\u0151 alapvet\u0151 k\u00e9rd\u00e9st: de mi\u00e9rt akar utazni, hiszen annyi sz\u00e9p l\u00e1tnival\u00f3 van itthon is\u2026 Ezzel a k\u00e9rd\u00e9ssel van \u00f6sszhangban a k\u00f6nyv mott\u00f3j\u00e1nak v\u00e1lasztott K\u00e1d\u00e1r id\u00e9zet, amely \u00edgy sz\u00f3l: \u201e\u2026nem ismerem el jogos ig\u00e9nynek, hogy 16 \u00e9ves embernek felt\u00e9tlen\u00fcl k\u00fclf\u00f6ld\u00f6n kell j\u00e1rnia.\u201d S mivel a vil\u00e1g nem v\u00e1ltozik, ez\u00e9rt a vezet\u0151nek mindig igaza van, s a k\u00f6tetben j\u00f3l bemutat\u00e1sra ker\u00fcl, hogy az 1960-as \u00e9vek elej\u00e9n egyfajta enyh\u00fcl\u00e9s (ahogy a szerz\u0151 fogalmaz olvad\u00e1s) figyelhet\u0151 meg, majd ezut\u00e1n egyre ink\u00e1bb ism\u00e9t szigorodik a helyzet, egyre jobban megnehez\u00edtik az \u00fatlev\u00e9l kiad\u00e1s\u00e1t a hat\u00f3s\u00e1gok. Az olvas\u00f3ban ezt a r\u00e9szt tanulm\u00e1nyozva felmer\u00fcl egy furcsa ambivalencia, hiszen, a \u201erothad\u00f3 nyugaton\u201d ekkor m\u00e1r v\u00e1m \u00e9s utaz\u00e1si uni\u00f3k j\u00f6ttek l\u00e9tre (l\u00e1sd p\u00e9ld\u00e1ul a Benelux-\u00e1llamokat), m\u00edg a bar\u00e1ti, s\u0151t testv\u00e9ri szocialista \u00e1llamok egym\u00e1st\u00f3l min\u00e9l ink\u00e1bb elz\u00e1rk\u00f3ztak. Lehet, az volt a c\u00e9l, hogy az \u00e1llampolg\u00e1r, aki l\u00e1tja, hogy itt nem j\u00f3, ne vegye \u00e9szre, hogy ott se? Erre mindenki maga adhatja meg a v\u00e1laszt.<\/p>\n\n\n\n<p>A k\u00f6tet foglalkozik m\u00e9g a kiv\u00e1ndorl\u00e1s \u00e9s visszav\u00e1ndorl\u00e1s k\u00e9rd\u00e9s\u00e9vel, valamint egy nagyon izgalmas t\u00e9m\u00e1val, a kishat\u00e1rforgalom k\u00e9rd\u00e9s\u00e9vel, hiszen ez volt az a lehet\u0151s\u00e9g, amikor a hat\u00e1r k\u00f6zel\u00e9ben \u00e9l\u0151 lakosok bizonyos t\u00e1vols\u00e1gon bel\u00fcl \u00e1tl\u00e9phett\u00e9k a hat\u00e1rt. Ez kifejezetten fontos volt, hiszen a trianoni hat\u00e1rok miatt sz\u00e1mtalan csal\u00e1d szakadt sz\u00e9t. A kishat\u00e1rforgalomban megk\u00fcl\u00f6nb\u00f6ztettek un. gazdas\u00e1gi (kett\u0151sbirtokos, magyarra leford\u00edtva kv\u00e1zi munkav\u00e1llal\u00f3i), illetve egy\u00e9b c\u00e9l\u00fa (alkalmi \u00fatilapos) utaz\u00e1sokat. A k\u00f6nyv levezeti ennek a lehet\u0151s\u00e9gnek a v\u00e1ltoz\u00e1sait, alakul\u00e1s\u00e1t.<\/p>\n\n\n\n<p>Szint\u00e9n nagyon \u00e9rdekes a hat\u00e1r\u00e1tl\u00e9p\u00e9sek ellen\u0151rz\u00e9s\u00e9vel kapcsolatos fejezet, amelyben ennek fejl\u0151d\u00e9s\u00e9t, a k\u00e9t orsz\u00e1g hat\u00f3s\u00e1gainak egym\u00e1s fel\u00e9 val\u00f3 nyit\u00e1s\u00e1t mutatja be. A szerz\u0151 k\u00fcl\u00f6n ki is fejti, hogy c\u00e9lja bemutatni ennek m\u0171k\u00f6d\u00e9s\u00e9t, abban a tekintetben, hogy a k\u00e9t orsz\u00e1g hat\u00f3s\u00e1gai hogyan pr\u00f3b\u00e1ltak egy\u00fcttm\u0171k\u00f6dni abban, hogy bemutass\u00e1k az illeg\u00e1lis hat\u00e1r\u00e1tl\u00e9p\u00e9s megakad\u00e1lyoz\u00e1s\u00e1t.<\/p>\n\n\n\n<p>K\u00fcl\u00f6nleges, a szerz\u0151 v\u00e9lem\u00e9nye szerint n\u00e9mik\u00e9ppen kakukktoj\u00e1s az a fejezet, amely a tiltott hat\u00e1r\u00e1tl\u00e9p\u00e9s jogi k\u00f6vetkezm\u00e9nyeivel, els\u0151dlegesen b\u00fcntet\u0151jogi el\u0151\u00edr\u00e1saival foglalkozik. Bencsik P\u00e9ter kifejti, hogy a jogi szab\u00e1lyoz\u00e1s, k\u00fcl\u00f6n\u00f6sen a b\u00fcntet\u0151jog mindig az adott helyzetre reflekt\u00e1l. Abban az esetben, ha felmer\u00fcl egy probl\u00e9ma, arra hoznak egy megold\u00e1st. Ha a probl\u00e9ma enyh\u00fcl, vagy esetleg megsz\u0171nik, a r\u00e1 adott v\u00e1lasszal is \u00edgy tesznek. A hat\u00e1rrezsim, illetve az annak megszeg\u00e9s\u00e9re adott jogi v\u00e1lasz k\u00e9rd\u00e9se kifejezetten \u00e9rdemes, s m\u00e9g tov\u00e1bb vizsg\u00e1land\u00f3 t\u00e9mak\u00e9nt jelentkezik.<\/p>\n\n\n\n<p>Rendk\u00edv\u00fcl olvasm\u00e1nyos, s izgalmas fejezettel z\u00e1rja a szerz\u0151 m\u0171v\u00e9t, hiszen \u201ea szab\u00e1lyok \u00e1ltal g\u00fazsba k\u00f6t\u00f6tt t\u00e1rsadalom\u201d egyes tagjainak pr\u00f3b\u00e1lkoz\u00e1s\u00e1t mutatja be, esettanulm\u00e1ny jelleggel. Ebben a fejezetben p\u00e9ld\u00e1kat olvashatunk arr\u00f3l, hogy mik\u00e9nt pr\u00f3b\u00e1lt\u00e1k meg sikeres, vagy sikertelen pr\u00f3b\u00e1lkoz\u00f3k kij\u00e1tszani a szab\u00e1lyokat, hamis \u00fatlevelekkel, embercsemp\u00e9szettel, a z\u00f6ldhat\u00e1r alatt, felett val\u00f3 \u00e1tsz\u00f6k\u00e9ssel. A nagyon izgalmas fejezetben sz\u00e1mos, igen jellegzetes p\u00e9ld\u00e1t olvashatunk.<\/p>\n\n\n\n<p>A k\u00f6tet rendk\u00edv\u00fcl b\u0151 forr\u00e1s \u00e9s irodalomjegyz\u00e9kkel, valamint nyolc, kifejezetten hasznos mell\u00e9klettel z\u00e1rul, melyben pontos sz\u00e1mokat vizsg\u00e1lva tekinthetj\u00fck \u00e1t pl. az \u00fatlev\u00e9lk\u00e9relmek (s azok elutas\u00edt\u00e1s\u00e1nak) sz\u00e1m\u00e1t, a ki \u00e9s bel\u00e9p\u0151k ar\u00e1ny\u00e1t, s a sor folytathat\u00f3.<\/p>\n\n\n\n<p>A szerz\u0151 nagyon j\u00f3l megk\u00f6nny\u00edti az olvas\u00f3 dolg\u00e1t azzal, hogy a fejezetek elej\u00e9n egyfajta bevezet\u0151t k\u00f6z\u00f6l, s az utols\u00f3 bekezd\u00e9s\u00e9ben (a II. r\u00e9szben, az els\u0151 r\u00e9szben ett\u0151l a szerz\u0151 eltekintett) pedig \u00f6sszefoglalja, mondhatni \u00fajra megmagyar\u00e1zza a k\u00f6z\u00f6lni sz\u00e1nt t\u00e9nyanyagot.<\/p>\n\n\n\n<p>\u00datlev\u00e9l, a gy\u00f6ny\u00f6r\u0171. Amikor k\u00e9zbe vettem Bencsik P\u00e9ter t\u00f6bb, mint 400 oldalas k\u00f6tet\u00e9t n\u00e9mik\u00e9pp megr\u00e9m\u00fcltem, hiszen \u2013 t\u00e9m\u00e1j\u00e1n\u00e1l fogva \u2013 ez a k\u00f6tet nem sorolhat\u00f3 a k\u00f6nny\u0171 olvasm\u00e1nyok k\u00f6z\u00e9. M\u00e9gis, amikor nap, mint nap haladtam el\u0151re, egyre t\u00f6bb mindent meg\u00e9rtettem abb\u00f3l, hogy milyen hatalmi j\u00e1tszm\u00e1k, milyen egy\u00fcttm\u0171k\u00f6d\u00e9sek, s egy\u00fctt nem m\u0171k\u00f6d\u00e9sek alak\u00edtott\u00e1k a huszadik sz\u00e1zad m\u00e1sodik fel\u00e9t, itt Kelet-Eur\u00f3p\u00e1ban. S meg\u00e9rtettem, vajon mi mi\u00e9rt nem kaphattunk \u00fatlevelet. Legk\u00f6zelebb, ha B\u00e9cs fel\u00e9 megyek, gondolatban viszem magammal ezt a k\u00f6tetet is, nagyap\u00e1mra gondolok, s magamban Hob\u00f3-t d\u00fadolva, \u00f6rvendezem, hogy \u00e9n ma m\u00e1r egy sz\u00e1l szem\u00e9lyi igazolv\u00e1nnyal is \u00e1tl\u00e9phetem, l\u00e9nyeg\u00e9ben ak\u00e1rhol a hat\u00e1rt, nem kell ehhez senkit\u0151l, semmif\u00e9le enged\u00e9lyt k\u00e9rnem. A kelet \u00e9s a nyugat k\u00f6z\u00f6tti k\u00e9rd\u00e9sben mi a nyugat mellett d\u00f6nt\u00f6tt\u00fcnk. S ez kifejezetten j\u00f3. Bencsik P\u00e9ter k\u00f6tet\u00e9t sz\u00edvb\u0151l aj\u00e1nlani tudom mindenkinek, aki szeretne megismerkedni t\u00f6rt\u00e9nelm\u00fcnk egy kiss\u00e9 \u201ehat\u00e1r-t\u00e9m\u00e1j\u00e1val\u201d, amely ha nem is befoly\u00e1solta mindannyiunk \u00e9let\u00e9t, de m\u00e9gis hozz\u00e1nk tartozott.<\/p>\n\n\n\n<p>Erdetileg megjelent: <a href=\"http:\/\/ujkor.hu\/content\/az-utlevel-gyonyoru-recenzio\" target=\"_blank\" rel=\"noreferrer noopener\">http:\/\/ujkor.hu\/content\/az-utlevel-gyonyoru-recenzio<\/a><\/p>\n ","protected":false},"excerpt":{"rendered":"<p>Bencsik P\u00e9ter: Kelet \u00e9s Nyugat k\u00f6z\u00f6tt \u2013 \u00c1llamhat\u00e1rok, \u00fati okm\u00e1nyok, hat\u00e1r\u00e1tl\u00e9p\u00e9s Magyarorsz\u00e1gon \u00e9s Csehszlov\u00e1ki\u00e1ban (1945\u20131989). Budapest, MTA BTK T\u00f6rt\u00e9nettudom\u00e1nyi Int\u00e9zet, 2019. 440 oldal \u00datlev\u00e9l, gy\u00f6ny\u00f6r\u0171 sz\u00f3, ak\u00e1r a szerelem \u2013 fogalmaz F\u00f6ldes L\u00e1szl\u00f3 Hobo, a Csavarg\u00f3k T\u00edzparancsolata c\u00edm\u0171 \u00f6n\u00e1ll\u00f3 estj\u00e9ben. S b\u00e1r nem illik dalsz\u00f6veggel, s pl\u00e1ne saj\u00e1t csal\u00e1di anekdot\u00e1val kezdeni egy k\u00f6nyv recenzi\u00f3j\u00e1t, de a fenti dalon k\u00edv\u00fcl nekem m\u00e9gis egy r\u00e9gi csal\u00e1di t\u00f6rt\u00e9net jutott eszembe e k\u00f6nyv olvas\u00e1sa k\u00f6zben. Mivel Bencsik P\u00e9ter, jelen k\u00f6tet szerz\u0151je bevezet\u0151j\u00e9ben t\u00f6bb t\u00f6rt\u00e9netet hoz, ez\u00e9rt veszem a b\u00e1tors\u00e1got \u00e9s megosztom. Nagyap\u00e1m, aki Szegeden [&hellip;]<\/p>\n","protected":false},"author":2,"featured_media":136,"comment_status":"open","ping_status":"open","sticky":false,"template":"","format":"standard","meta":{"footnotes":""},"categories":[10,22],"tags":[],"class_list":["post-152","post","type-post","status-publish","format-standard","has-post-thumbnail","hentry","category-recenzio","category-ujkor-hu","cat-10-id","cat-22-id","has_thumb"],"_links":{"self":[{"href":"https:\/\/dudasrgy.hu\/index.php?rest_route=\/wp\/v2\/posts\/152","targetHints":{"allow":["GET"]}}],"collection":[{"href":"https:\/\/dudasrgy.hu\/index.php?rest_route=\/wp\/v2\/posts"}],"about":[{"href":"https:\/\/dudasrgy.hu\/index.php?rest_route=\/wp\/v2\/types\/post"}],"author":[{"embeddable":true,"href":"https:\/\/dudasrgy.hu\/index.php?rest_route=\/wp\/v2\/users\/2"}],"replies":[{"embeddable":true,"href":"https:\/\/dudasrgy.hu\/index.php?rest_route=%2Fwp%2Fv2%2Fcomments&post=152"}],"version-history":[{"count":1,"href":"https:\/\/dudasrgy.hu\/index.php?rest_route=\/wp\/v2\/posts\/152\/revisions"}],"predecessor-version":[{"id":154,"href":"https:\/\/dudasrgy.hu\/index.php?rest_route=\/wp\/v2\/posts\/152\/revisions\/154"}],"wp:featuredmedia":[{"embeddable":true,"href":"https:\/\/dudasrgy.hu\/index.php?rest_route=\/wp\/v2\/media\/136"}],"wp:attachment":[{"href":"https:\/\/dudasrgy.hu\/index.php?rest_route=%2Fwp%2Fv2%2Fmedia&parent=152"}],"wp:term":[{"taxonomy":"category","embeddable":true,"href":"https:\/\/dudasrgy.hu\/index.php?rest_route=%2Fwp%2Fv2%2Fcategories&post=152"},{"taxonomy":"post_tag","embeddable":true,"href":"https:\/\/dudasrgy.hu\/index.php?rest_route=%2Fwp%2Fv2%2Ftags&post=152"}],"curies":[{"name":"wp","href":"https:\/\/api.w.org\/{rel}","templated":true}]}}