{"id":112,"date":"2020-12-09T09:09:51","date_gmt":"2020-12-09T08:09:51","guid":{"rendered":"http:\/\/dudasrgy.hu\/?p=112"},"modified":"2020-12-09T09:47:10","modified_gmt":"2020-12-09T08:47:10","slug":"az-amerikai-magyarok-1929-es-nemzetgyulese-a-new-york-allambeli-buffaloban-kulonos-tekintettel-az-egyhazak-szerepvallalasara","status":"publish","type":"post","link":"https:\/\/dudasrgy.hu\/?p=112","title":{"rendered":"Az amerikai magyarok 1929-es nemzetgy\u0171l\u00e9se a New York \u00e1llambeli Buffaloban, k\u00fcl\u00f6n\u00f6s tekintettel az egyh\u00e1zak szerepv\u00e1llal\u00e1s\u00e1ra"},"content":{"rendered":"\n<p>1929-ben az Amerikai Egyes\u00fclt \u00c1llamok magyars\u00e1g\u00e1nak jelent\u0151s r\u00e9sze k\u00e9pvisel\u0151ket k\u00fcld\u00f6tt az \u00e9szak-amerikai Buffalo v\u00e1ros\u00e1ba, az els\u0151 (s val\u00f3j\u00e1ban egyetlen) \u00f6sszmagyar gy\u0171l\u00e9sre, amelyet \u0151k nemzetgy\u0171l\u00e9snek neveztek el. A nemzetgy\u0171l\u00e9s c\u00e9lja amellett, hogy az amerikai bels\u0151 probl\u00e9m\u00e1kat rendezni k\u00edv\u00e1nta, ki\u00e1ll\u00e1s k\u00edv\u00e1nt lenni az anyaorsz\u00e1g mellett, felh\u00edv\u00e1s a trianoni b\u00e9ke igazs\u00e1gtalans\u00e1g\u00e1nak hirdet\u00e9s\u00e9re. K\u00fcl\u00f6n fontos r\u00e9sze dolgozatomnak Lord Rothermere szem\u00e9ly\u00e9nek \u00e9s politik\u00e1j\u00e1nak \u00e1ttekint\u00e9se, azt, hogy hat\u00e1s\u00e1ra milyen val\u00f3s, vagy \u00e1lrem\u00e9nyek mer\u00fcltek fel a magyars\u00e1gban. \u00cdr\u00e1som m\u00e1sodik fel\u00e9ben pedig vizsg\u00e1lom a nemzetgy\u0171l\u00e9s hat\u00e1rozatait, s azt, hogy ezt mennyire tudt\u00e1k \u00e1tvinni a h\u00e9tk\u00f6znapokba, mennyire lett r\u00f6vid, vagy hossz\u00fa t\u00e1v\u00fa eredm\u00e9nye a magyarok nemzetgy\u0171l\u00e9s\u00e9nek.<\/p>\n\n\n\n<p>Az Amerikai Egyes\u00fclt \u00c1llamokban \u00e9s Kanad\u00e1ban az 1920-as \u00e9vek v\u00e9g\u00e9n nagyj\u00e1b\u00f3l egymilli\u00f3, letelepedett<a href=\"#_ftn1\">[1]<\/a>, mag\u00e1t magyarnak tart\u00f3, els\u0151dlegesen els\u0151 gener\u00e1ci\u00f3s magyar \u00e9lt. Ezeknek k\u00e9pvisel\u0151i tal\u00e1lkoztak 1929 m\u00e1jus\u00e1ban, az Egyes\u00fclt \u00c1llamok \u00e9szak-keleti r\u00e9sz\u00e9n, New York \u00e1llamban tal\u00e1lhat\u00f3 Buffalo telep\u00fcl\u00e9sen, hogy megrendezz\u00e9k az amerikai magyarok nemzetgy\u0171l\u00e9s\u00e9t. Ez a nemzetgy\u0171l\u00e9s, noha az amerikai magyar diaszp\u00f3ra egyik meghat\u00e1roz\u00f3 esem\u00e9nye volt, m\u00e1ra gyakorlatilag kikopott a k\u00f6ztudatb\u00f3l. Jelen \u00edr\u00e1sommal eml\u00e9ket szeretn\u00e9k \u00e1ll\u00edtani az akkori magyarok el\u0151tt, akik \u2013 b\u00e1r nagy r\u00e9sz\u00fck ekkor m\u00e1r amerikai vagy kanadai \u00e1llampolg\u00e1r volt \u2013 m\u00e9gis minden erej\u00fckkel a magyars\u00e1g\u00e9rt, az anyaorsz\u00e1gi \u00e9s az \u00faj vil\u00e1gi magyars\u00e1g\u00e9rt dolgoztak. A nemzetgy\u0171l\u00e9s kifejez\u00e9s az\u00e9rt is indokolt, mert \u2013 a korabeli sajt\u00f3 v\u00e9lem\u00e9nye szerint \u2212 gyakorlatilag a teljes amerikai magyars\u00e1g k\u00e9pviselte mag\u00e1t. 272 egylet, 87 egyh\u00e1zk\u00f6zs\u00e9g, 41 h\u00edrlap, 974 deleg\u00e1tusa vett r\u00e9szt a gy\u0171l\u00e9sen, mintegy egymilli\u00f3 amerikai magyar k\u00e9pviselet\u00e9ben.<\/p>\n\n\n\n<p><strong>A trianoni \u201etrauma\u201d, mint a nemzetgy\u0171l\u00e9s el\u0151zm\u00e9nye<\/strong><\/p>\n\n\n\n<p>1871\u20131913 k\u00f6z\u00f6tt nagyj\u00e1b\u00f3l k\u00e9tmilli\u00f3 szem\u00e9ly hagyta el az orsz\u00e1got, akik f\u0151leg gazdas\u00e1gi, egzisztenci\u00e1lis okokb\u00f3l v\u00e1ndoroltak ki. V\u00e9gs\u0151 c\u00e9ljuk els\u0151dlegesen az Amerikai Egyes\u00fclt \u00c1llamok volt. Ady Endre ezzel kapcsolatosan a Budapesti Napl\u00f3ban \u00edgy \u00edrt:<\/p>\n\n\n\n<p><em>\u201eTegnap egy falu n\u00e9pe vonult \u00e1t sz\u00e9p Budapest vas\u00e1rnapi n\u00e9p\u0171 k\u00f6r\u00fatjain. Nem b\u00e1m\u00e9szkodtak, nagyon komolyak voltak, s \u0151ket is alig vett\u00e9k \u00e9szre. De akik \u00e9szrevett\u00e9k s megk\u00e9rdezt\u00e9k, azoknak v\u00e1laszolt sz\u00edvesen a v\u00e1ndorl\u00f3 csapat vez\u00e9re: \u2013 Ez itt Mez\u0151cs\u00e1t k\u00f6zs\u00e9g, az eg\u00e9sz falu, megy\u00fcnk Amerik\u00e1ba. Se v\u00e1ddal, se panasszal, se k\u00e9rked\u00e9ssel, se v\u00edgan, se szomor\u00faan, ezt v\u00e1laszolta. \u00c9s belemutatott a csapatba s hozz\u00e1tette: \u2013 Senkit se hagytunk otthon, visz\u00fcnk mindenkit, a zsid\u00f3t is. Igen, ott volt a csapatban a zsid\u00f3 is, a falu zsid\u00f3ja. S mennek sz\u00e9p egyet\u00e9rt\u00e9sben, a f\u00f6ld\u00f6nfut\u00f3k k\u00f6z\u00f6s sors\u00e1val Amerik\u00e1ba.\u201d<a href=\"#_ftn2\"><strong>[2]<\/strong><\/a><\/em><\/p>\n\n\n\n<p>Az 1920-as trianoni b\u00e9kek\u00f6t\u00e9s az Amerik\u00e1ban \u00e9l\u0151 magyars\u00e1got is megd\u00f6bbentette, s\u0151t mondhatni szem\u00e9ly\u00e9ben \u00e9rintette, hiszen a kiv\u00e1ndorl\u00f3 magyarok jelent\u0151s r\u00e9sze sz\u00e1rmazott az elcsatolt felvid\u00e9ki, k\u00e1rp\u00e1taljai, illetve erd\u00e9lyi ter\u00fcletekr\u0151l. Kor\u00e1bbi kutat\u00e1saim<a href=\"#_ftn3\">[3]<\/a> alapj\u00e1n meg\u00e1llap\u00edthat\u00f3, hogy az 1920 el\u0151tt az Egyes\u00fclt \u00c1llamokba \u00e9rkezett magyar katolikus papok, t\u00f6bb mint a fele olyan ter\u00fcletr\u0151l sz\u00e1rmazott, amely 1920 ut\u00e1n elcsatol\u00e1sra ker\u00fclt. Ez a t\u00e9nyez\u0151, azon k\u00edv\u00fcl, hogy term\u00e9szetesen a nemzeti \u00e9rz\u00e9st er\u0151s\u00edtette egyszer\u0171, mondhatni egzisztenci\u00e1lis probl\u00e9m\u00e1t is okozott a diaszp\u00f3ra lakoss\u00e1g\u00e1nak. Addig ugyanis az emigr\u00e1ci\u00f3 jelent\u0151s r\u00e9sz\u00e9t tett\u00e9k ki (s ezzel sz\u00e1mos probl\u00e9m\u00e1t okoztak) az un. \u201ev\u00e1ndormad\u00e1r gyakorlat\u201d-ot k\u00f6vet\u0151k, miszerint egy szem\u00e9ly ki\u00e9rkezett \u201ea szezonra\u201d az USA-ba, ott \u00f6sszegy\u0171jt\u00f6tt egy kis p\u00e9nzt (ha tudott), majd visszav\u00e1ndorolt, esetleg a magyar seg\u00e9lyszervezetek p\u00e9nz\u00e9n, s k\u00e9s\u0151bb \u00fajra kij\u00f6tt. Viszont a hat\u00e1rv\u00e1ltoz\u00e1sok miatt az \u00e1llampolg\u00e1rs\u00e1gi k\u00e9rd\u00e9sek is megv\u00e1ltoztak, mivel <em>\u201e[a]z 1920. j\u00fanius 4.-\u00e9n al\u00e1\u00edrt trianoni b\u00e9keszerz\u0151d\u00e9ssel Magyarorsz\u00e1gt\u00f3l elcsatolt ter\u00fcletek lakoss\u00e1ga, a nemzetk\u00f6zi szerz\u0151d\u00e9sben szab\u00e1lyozott szuverenit\u00e1s \u00e1tsz\u00e1ll\u00e1ssal &#8211; \u00e1llamut\u00f3dl\u00e1ssal &#8211; automatikusan elvesz\u00edtette magyar \u00e1llampolg\u00e1rs\u00e1g\u00e1t, \u00e9s az ut\u00f3d\u00e1llam \u00e1llampolg\u00e1r\u00e1v\u00e1 v\u00e1lt. A b\u00e9keszerz\u0151d\u00e9s 1920. j\u00fanius 26<\/em>&#8211;<em>\u00e1n<a href=\"#_ftn4\"><strong>[4]<\/strong><\/a> l\u00e9pett hat\u00e1lyba, a joghat\u00e1sok ekkor \u00e1lltak be.\u201d<\/em><a href=\"#_ftn5\">[5]<\/a> Ezzel a l\u00e9p\u00e9ssel \u2013 b\u00e1r a pontos sz\u00e1m ismeretlen \u2013 de sz\u00e1mos Amerik\u00e1ban \u00e9l\u0151, kor\u00e1bban magyar \u00e1llampolg\u00e1r v\u00e1lt gyakorlatilag hontalann\u00e1, hiszen sok esetben magyar \u00e1llampolg\u00e1rs\u00e1gukat ekkor elvesz\u00edtett\u00e9k, az ut\u00f3d\u00e1llam \u00e1llampolg\u00e1rs\u00e1g\u00e1t nem fogadt\u00e1k el, de az amerikait m\u00e9g nem szerezt\u00e9k meg, vagy arra m\u00e9g l\u00e9p\u00e9seket sem tettek.<\/p>\n\n\n\n<p>A trianoni b\u00e9kedikt\u00e1tum ut\u00e1n az amerikai magyars\u00e1g k\u00f6r\u00e9ben \u2013 lesz\u00e1m\u00edtva a bal oldali lapokat, amelyek mindezt nevets\u00e9gesnek tartott\u00e1k<a href=\"#_ftn6\">[6]<\/a> \u00e9s a r\u00e9sztvev\u0151it sz\u00e1mos esetben kifigur\u00e1zt\u00e1k<a href=\"#_ftn7\">[7]<\/a>\u2013 egyre er\u0151sebben jelent meg a ter\u00fcleti revizionizmus k\u00e9rd\u00e9se. K\u00fcl\u00f6n\u00f6sen ez az\u00e9rt volt egy \u00e9rdekes k\u00e9rd\u00e9s az Amerikai Egyes\u00fclt \u00c1llamokban, mert a helyi magyars\u00e1g \u00fagy gondolta, hogy Wilson eln\u00f6k h\u00e1bor\u00fa alatti tev\u00e9kenys\u00e9g\u00e9vel, valamint a p\u00e1rizsi b\u00e9kekonferencia idej\u00e9n folytatott Habsburg-politik\u00e1j\u00e1val kv\u00e1zi hitet tett a Monarchia egys\u00e9ge mellett.<\/p>\n\n\n\n<p>T\u00e9ny, hogy Thomas Woodrow Wilsonnak<a href=\"#_ftn8\">[8]<\/a>, az Amerikai Egyes\u00fclt \u00c1llamok eln\u00f6k\u00e9nek 14 pontb\u00f3l \u00e1ll\u00f3, r\u00e9szben a nemzetk\u00f6zi jog \u00faj alapelveit jelent\u0151 b\u00e9kejavaslata, amelyet a szen\u00e1tus \u00e9s a k\u00e9pvisel\u0151h\u00e1z k\u00f6z\u00f6s \u00fcl\u00e9s\u00e9n hirdetett meg 1918. janu\u00e1r 8-\u00e1n, s a wilsoni-elvek n\u00e9ven lettek ismertek, 10. pontja az al\u00e1bbiakat tartalmazza:<\/p>\n\n\n\n<p><em>\u201eAusztria-Magyarorsz\u00e1g n\u00e9pei r\u00e9sz\u00e9re, amelyeknek hely\u00e9t a nemzetek k\u00f6z\u00f6tt oltalmazni \u00e9s biztos\u00edtani k\u00edv\u00e1njuk, meg kell adni az \u00f6n\u00e1ll\u00f3 fejl\u0151d\u00e9s legszabadabb lehet\u0151s\u00e9g\u00e9t.\u201d<a href=\"#_ftn9\"><strong>[9]<\/strong><\/a><\/em><\/p>\n\n\n\n<p>Ebb\u0151l arra k\u00f6vetkeztettek, hogy az Egyes\u00fclt \u00c1llamok korm\u00e1nya nem k\u00edv\u00e1nta feldarabolni az Osztr\u00e1k-Magyar Monarchi\u00e1t, hanem csak auton\u00f3mi\u00e1t k\u00edv\u00e1nt biztos\u00edtani a ter\u00fcleten \u00e9l\u0151 nemzetis\u00e9gek r\u00e9sz\u00e9re. M\u00e1s k\u00e9rd\u00e9s, s err\u0151l a korabeli magyars\u00e1g val\u00f3sz\u00edn\u0171leg kev\u00e9sb\u00e9 tudott, hogy 1918 okt\u00f3ber\u00e9ben m\u00e1r az amerikai korm\u00e1nyzat jelezte a \u2013 legy\u0151z\u00f6tt, s fegyversz\u00fcnetet k\u00e9rt \u2013 b\u00e9csi korm\u00e1nyzatnak, hogy a 10. pont m\u00e1r nincsen \u00e9rv\u00e9nyben. Az viszont j\u00f3l l\u00e1that\u00f3, hogy a h\u00e1bor\u00fa gyors befejez\u00e9se meglepet\u00e9sk\u00e9nt \u00e9rte az amerikai korm\u00e1nyzatot, \u00edgy nem tudtak rendesen, terveik alapj\u00e1n az \u00fagynevezett \u201etudom\u00e1nyos b\u00e9k\u00e9re\u201d<a href=\"#_ftn10\">[10]<\/a> k\u00e9sz\u00fclve felk\u00e9sz\u00fclni a b\u00e9kek\u00f6t\u00e9sre. Az amerikai bizotts\u00e1g maga is beismerte, hogy csak heveny\u00e9szett tervet tud lerakni az asztalra, amely a magyars\u00e1gnak lesz legink\u00e1bb h\u00e1tr\u00e1nyos:<\/p>\n\n\n\n<p><em>\u201e\u00cdgy nyilv\u00e1nval\u00f3, hogy a csehszlov\u00e1kok, rom\u00e1nok \u00e9s jugoszl\u00e1vok sz\u00e1m\u00e1ra javasolt hat\u00e1rok egy nagy t\u00f6rt\u00e9nelmi m\u00falt\u00fa \u00e1llam feldarabol\u00e1s\u00e1t jelentik&#8230; Nyilv\u00e1nval\u00f3, hogy amikor az al\u00e1rendelt nemzetis\u00e9gek sz\u00e1m\u00e1ra igazs\u00e1gos \u00e9s c\u00e9lszer\u0171 hat\u00e1rokat jel\u00f6l\u00fcnk meg, olyan javaslatok sz\u00fcletnek, melyek magyar szempontb\u00f3l igazs\u00e1gtalanok. A t\u00edzmilli\u00f3 magyar majdnem egynegyede a tervezett Magyarorsz\u00e1g hat\u00e1rain k\u00edv\u00fcl \u00e9l majd. Ez lehets\u00e9ges megold\u00e1s volna egy \u00fajonnan felszabad\u00edtott n\u00e9p eset\u00e9ben, mely t\u00f6rt\u00e9nelme sor\u00e1n el\u0151sz\u00f6r nyeri el f\u00fcggetlens\u00e9g\u00e9t, de a magyarok Magyarorsz\u00e1g urai voltak nyolc \u00e9vsz\u00e1zadon \u00e1t. Jelent\u0151s r\u00e9sz\u00fck idegen fennhat\u00f3s\u00e1g al\u00e1 helyez\u00e9se minden bizonnyal el\u00e9gedetlens\u00e9get \u00e9s &#8211; val\u00f3sz\u00edn\u0171leg &#8211; irredentizmust fog sz\u00fclni, ami a j\u00f6v\u0151ben komoly probl\u00e9m\u00e1k forr\u00e1sa lehet. A magyarok &#8211; akik a szlov\u00e1kokat, rom\u00e1nokat \u00e9s szerbeket hossz\u00fa id\u0151n \u00e1t alacsonyabb rend\u0171nek tartott\u00e1k &#8211; \u00edgy olyan \u00e1llamban \u00e9lnek majd, mely ter\u00fclet\u00e9t \u00e9s lakoss\u00e1g\u00e1t tekintve is kisebb, mint b\u00e1rmelyik, ezen n\u00e9pek sz\u00e1m\u00e1ra javasolt orsz\u00e1g.\u201d<a href=\"#_ftn11\"><strong>[11]<\/strong><\/a><\/em><\/p>\n\n\n\n<p>A trianoni b\u00e9ke al\u00e1\u00edr\u00e1s\u00e1t illet\u0151en, a diaszp\u00f3ra magyars\u00e1g\u00e1nak ott volt \u2013 mondhatni v\u00e9gzetes \u2013 t\u00e9ved\u00e9se, hogy elt\u00falozt\u00e1k azt a nyilv\u00e1nval\u00f3 t\u00e9nyt, hogy 1917. \u00e1prilis 6-\u00e1n, amikor az USA bel\u00e9pett a h\u00e1bor\u00faba csak N\u00e9metorsz\u00e1gnak \u00fczent hadat, Berlin sz\u00f6vets\u00e9geseinek nem. Ez \u00e1ltal Amerika nem azonosult a sz\u00f6vets\u00e9ges hadic\u00e9lokkal, hanem \u00f6nmag\u00e1t kv\u00e1zi \u201et\u00e1rsult\u201d hadipartnernek nyilv\u00e1n\u00edtotta, ezzel fenntartva a jogot az \u00f6n\u00e1ll\u00f3, a sz\u00f6vets\u00e9gesekt\u0151l f\u00fcggetlen hadic\u00e9lok \u00e9s b\u00e9ketervek megfogalmaz\u00e1s\u00e1ra.<a href=\"#_ftn12\">[12]<\/a> Mindez a kor itthoni \u00e9s k\u00fclf\u00f6ldi magyars\u00e1g\u00e1nak azt az ill\u00fazi\u00f3t k\u00f6zvet\u00edtette, hogy az igazs\u00e1gtalannak tartott (s a re\u00e1lisan megvizsg\u00e1lva, val\u00f3ban igazs\u00e1gtalan) trianoni b\u00e9keszerz\u0151d\u00e9st, Wilson eln\u00f6k akarata ellen\u00e9re fogadt\u00e1k el, de az is igaz, hogy Wilson nem \u00e1llt ki el\u00e9gg\u00e9 Magyarorsz\u00e1g mellett, hib\u00e1zott (rosszabb v\u00e9lem\u00e9nyek szerint \u00e1rul\u00f3v\u00e1 v\u00e1lt), s ez\u00e9rt erk\u00f6lcsi k\u00f6teless\u00e9ge lenne ezt a \u201esz\u00f6rny\u0171 hib\u00e1t helyre hozni.\u201d Ez a v\u00e1rakoz\u00e1s szinte element\u00e1ris er\u0151vel nyilv\u00e1nult meg az \u00fagynevezett Kossuth-zar\u00e1ndoklat<a href=\"#_ftn13\">[13]<\/a> alkalm\u00e1val 1928-ban, majd az 1929-es Buffalo-ban megtartott Nemzetgy\u0171l\u00e9sen.<\/p>\n\n\n\n<p>Szint\u00e9n a magyarok rem\u00e9ny\u00e9t er\u0151s\u00edtette az is, hogy a James Monroe<a href=\"#_ftn14\">[14]<\/a> amerikai eln\u00f6k \u00e1ltal 1823. december 2-\u00e1n deklar\u00e1lt Monroe-elv<a href=\"#_ftn15\">[15]<\/a> alapj\u00e1n az Egyes\u00fclt \u00c1llamok egy\u00e1ltal\u00e1n nem volt hajland\u00f3 ratifik\u00e1lni a vil\u00e1gh\u00e1bor\u00fat lez\u00e1r\u00f3 b\u00e9ke meg\u00e1llapod\u00e1sokat, illetve az azt k\u00f6vet\u0151 nemzetk\u00f6zi politikai esem\u00e9nyekt\u0151l t\u00e1vol k\u00edv\u00e1nt maradni. Az USA l\u00e1that\u00f3an fontosnak tartotta, hogy a gazdas\u00e1gi \u00e9s egy\u00e9b \u00e9rdekelts\u00e9gei az \u00faj magyar \u00e1llamalakulattal ne sz\u0171njenek meg, ez\u00e9rt hosszas t\u00e1rgyal\u00e1s ut\u00e1n k\u00f6t\u00f6tt Magyarorsz\u00e1ggal k\u00fcl\u00f6nb\u00e9k\u00e9t. Igaz, ez a k\u00fcl\u00f6nb\u00e9ke szint\u00e9n a magyars\u00e1g r\u00e9sz\u00e9re lett h\u00e1tr\u00e1nyos, nem el\u0151sz\u00f6r, s nem utolj\u00e1ra a t\u00f6rt\u00e9nelemben. A sikertelen t\u00e1rgyal\u00e1s egyik bizony\u00edt\u00e9ka, hogy b\u00e1r egy\u00e9rtelm\u0171en el szerette volna a magyar f\u00e9l \u00e9rni, hogy Trianont ne eml\u00edts\u00e9k meg a szerz\u0151d\u00e9sben, az v\u00e9g\u00fcl m\u00e9gis beker\u00fclt, \u00edgy r\u00e1utal\u00f3 magatart\u00e1ssal gyakorlatilag az USA is szentes\u00edtette a trianoni szab\u00e1lyokat \u00e9s d\u00f6nt\u00e9seket.<a href=\"#_ftn16\">[16]<\/a><\/p>\n\n\n\n<p>\u00d6sszess\u00e9g\u00e9ben azt mondhat\u00f3, hogy mind a k\u00fclhoni, mind pedig az itthoni magyaroknak irre\u00e1lis elk\u00e9pzel\u00e9sei voltak, azzal kapcsolatban, hogy majd az USA j\u00f6n, \u00e9s mindent helyre tesz: <em>\u201eAz Amerik\u00e1val szemben t\u00e1masztott magyar rev\u00edzi\u00f3s elv\u00e1r\u00e1sok vizsg\u00e1lata k\u00fcl\u00f6n\u00f6sen \u00e9rdekes k\u00e9rd\u00e9s annak f\u00e9ny\u00e9ben, hogy a k\u00e9t vil\u00e1gh\u00e1bor\u00fa k\u00f6z\u00f6tt mind a politikai elit, mind a k\u00f6zember sz\u00e1m\u00e1ra k\u00f6ztudott volt, hogy az Egyes\u00fclt \u00c1llamok az els\u0151 vil\u00e1gh\u00e1bor\u00fat k\u00f6vet\u0151en az eur\u00f3pai \u00fcgyekkel kapcsolatban a politikai be nem avatkoz\u00e1s elv\u00e9t \u00e9s gyakorlat\u00e1t k\u00f6vette, mi t\u00f6bb az USA kivonult a p\u00e1rizsi b\u00e9kem\u0171b\u0151l: a b\u00e9k\u00e9ket nem ratifik\u00e1lta, \u00e9s nem csatlakozott a N\u00e9psz\u00f6vets\u00e9ghez sem. Az Amerik\u00e1t megsz\u00f3l\u00edt\u00f3 magyar propaganda a fent eml\u00edtettek mellett \u00e9ppen ezekre a politikai t\u00e9nyekre alapozva, ezeket saj\u00e1tosan f\u00e9lre\u00e9rtelmezve kov\u00e1csolt t\u0151k\u00e9t \u00e9rvel\u00e9s\u00e9hez.\u201d<\/em><a href=\"#_ftn17\">[17]<\/a> A val\u00f3s\u00e1gban viszont a hivatalos Amerika teljes eg\u00e9sz\u00e9ben elhat\u00e1rol\u00f3dott a magyar rev\u00edzi\u00f3s t\u00f6rekv\u00e9sekt\u0151l, de ezt a t\u00e9nyt sem a hazai, sem az amerikai magyars\u00e1g nem akarta tudom\u00e1sul venni.<\/p>\n\n\n\n<p><strong>Lord Rothermere politik\u00e1ja \u00e9s hat\u00e1sa a magyars\u00e1gra<\/strong><\/p>\n\n\n\n<p>Lord Rothermere<a href=\"#_ftn18\">[18]<\/a> angol vikomt, sajt\u00f3m\u00e1gn\u00e1s az Associated Newpapers Limited tulajdonosa hossz\u00fa \u00e9veken \u00e1t volt a magyar rev\u00edzi\u00f3 lelkes t\u00e1mogat\u00f3ja a h\u00faszas \u00e9vek m\u00e1sodik fel\u00e9t\u0151l. Szem\u00e9lye sz\u00e1mos esetben k\u00f6sz\u00f6n vissza a kor magyar esem\u00e9nyeiben, el\u00e9g csak az 1931-es Justice for Hungary magyar \u00f3ce\u00e1nrep\u00fcl\u00e9sre gondolni, melynek anyagi b\u00e1zis\u00e1t \u0151 biztos\u00edtotta. Nagyon \u00e9rdekes viszont, hogy ez az ember, akinek b\u00e1tyja 1917-ben l\u00e9g\u00fcgyi miniszterk\u00e9nt szerepelt az angol korm\u00e1nyban, s k\u00e9s\u0151bb Csehszlov\u00e1kia elk\u00f6telezett t\u00e1mogat\u00f3ja lett (egyes v\u00e9lem\u00e9nyek szerint maga Csehszlov\u00e1kia soha nem j\u00f6tt volna l\u00e9tre Alfred Harmsworth lelkes t\u00e1mogat\u00e1sa n\u00e9lk\u00fcl), hogyan fordult m\u00e9gis a magyars\u00e1g ir\u00e1ny\u00e1ba, szembeszeg\u00fclve b\u00e1tyj\u00e1val, illetve a kor brit k\u00f6zv\u00e9leked\u00e9s\u00e9vel. Fontos megjegyezni, hogy Lord Rothermere nem egy kis vid\u00e9ki lap tulajdonosa volt, \u00fajs\u00e1gj\u00e1nak a Daily Mailnek olvas\u00f3sz\u00e1ma el\u00e9rte a k\u00e9t milli\u00f3t, \u0151 maga Anglia harmadik leggazdagabb milliomosa volt.<\/p>\n\n\n\n<p>Els\u0151 alkalommal 1927-ben j\u00e1rt Magyarorsz\u00e1gon, s ett\u0151l kezdve \u2013 b\u00e1r vannak v\u00e9lem\u00e9nyek, hogy els\u0151sorban \u00fczleti okokb\u00f3l \u2013 de a magyars\u00e1g \u00fcgy\u00e9nek elk\u00f6telezett sz\u00f3sz\u00f3l\u00f3ja lett. Lord Rothermere, akinek figyelm\u00e9t az \u00fan. \u201emagyar\u2013rom\u00e1n opt\u00e1nsper\u201d<a href=\"#_ftn19\">[19]<\/a> k\u00f6r\u00fcl kialakul\u00f3 botr\u00e1ny ford\u00edtotta a trianoni b\u00e9ke igazs\u00e1gtalans\u00e1ga fel\u00e9, j\u00fanius 21-\u00e9n, a Daily Mail has\u00e1bjain fejtette ki v\u00e9lem\u00e9ny\u00e9t a k\u00e9rd\u00e9sben. Ekkor \u00edgy \u00edrt:<\/p>\n\n\n\n<p><em>\u201eA K\u00f6z\u00e9p-Eur\u00f3pa t\u00e9rk\u00e9p\u00e9t \u00e1trajzol\u00f3 h\u00e1rom szerz\u0151d\u00e9s k\u00f6z\u00fcl az utols\u00f3 \u00e9s legszerencs\u00e9tlenebb a trianoni, amit Magyarorsz\u00e1gnak 1920. j\u00fanius 4-\u00e9n kellett al\u00e1\u00edrnia. Ahelyett, hogy egyszer\u0171s\u00edtette volna a nemzetis\u00e9gek am\u00fagy is megl\u00e9v\u0151 sz\u00f6vev\u00e9ny\u00e9t, m\u00e9g tov\u00e1bb bonyol\u00edtotta azt. Olyan m\u00e9ly el\u00e9gedetlens\u00e9get v\u00e1ltott ki, hogy minden p\u00e1rtatlan utaz\u00f3, aki a kontinensnek erre a t\u00e1j\u00e1ra t\u00e9ved, vil\u00e1gosan l\u00e1tja az elk\u00f6vetett hib\u00e1k j\u00f3v\u00e1t\u00e9tel\u00e9nek sz\u00fcks\u00e9gess\u00e9g\u00e9t.\u201d<\/em><a href=\"#_ftn20\">[20]<\/a><\/p>\n\n\n\n<p>A cikkben felh\u00edvta a figyelmet a kisantant \u2013 szerinte a trianoni b\u00e9keszerz\u0151d\u00e9snek a kisebbs\u00e9gek v\u00e9delm\u00e9re sz\u00f3l\u00f3 szab\u00e1lyainak semmibev\u00e9tel\u00e9vel t\u00f6rt\u00e9n\u0151 \u2013 t\u00f6rekv\u00e9seire, a magyar kisebbs\u00e9g jogfosztotts\u00e1g\u00e1ra, s k\u00e9rte \u2013 k\u00fcl\u00f6n\u00f6sen az angol bankok k\u00f6zbenj\u00e1r\u00e1s\u00e1t \u2013, hogy a trianoni ut\u00f3d\u00e1llamoknak k\u00f6lcs\u00f6nt ny\u00fajt\u00f3 bankok a hitelek megvon\u00e1s\u00e1val k\u00e9nyszer\u00edts\u00e9k r\u00e1 ezeket a korm\u00e1nyokat a Magyarorsz\u00e1ggal meg \u00e9s kiegyez\u00e9sre. Ezzel egy id\u0151ben n\u00e9mi ter\u00fcleti rev\u00edzi\u00f3t is javasolt, amely k\u00f6vetkezt\u00e9ben a hat\u00e1rok kisebb m\u00f3dos\u00edt\u00e1s\u00e1val nagyj\u00e1b\u00f3l k\u00e9t milli\u00f3 magyar szem\u00e9ly ker\u00fclt volna vissza az anyaorsz\u00e1gba, kiker\u00fclve a kisebbs\u00e9gi l\u00e9tb\u0151l.<\/p>\n\n\n\n<p>Lord Rothermere cikke \u2013 legal\u00e1bbis a hazai \u00e9s az emigr\u00e1ns magyars\u00e1g k\u00f6r\u00e9ben \u2013 nagy felz\u00fadul\u00e1st \u00e9s mondhatni euf\u00f3ri\u00e1t okozott,<a href=\"#_ftn21\">[21]<\/a> hiszen a trianoni dikt\u00e1tum egyik orsz\u00e1g\u00e1nak vezet\u0151 m\u00e1gn\u00e1sa \u00e1llt a magyars\u00e1g \u00fcgye mell\u00e9. M\u00e1sik oldalr\u00f3l viszont egy\u00e9rtelm\u0171en kijelentette mind az angol, mind a francia \u00e1llam, hogy a Lord v\u00e9lem\u00e9ny\u00e9t mag\u00e1nv\u00e9lem\u00e9nynek tartja, azt semmif\u00e9le m\u00f3don nem k\u00edv\u00e1nja \u00e1tvinni a hivatalos politik\u00e1ba. Term\u00e9szetesen a kisantant h\u00e1borodott fel legink\u00e1bb m\u00e1r mag\u00e1n a k\u00e9rd\u00e9snek a felvet\u00e9s\u00e9n, Edvard Bene\u0161<a href=\"#_ftn22\">[22]<\/a> csehszlov\u00e1k k\u00fcl\u00fcgyminiszter, k\u00e9s\u0151bbi csehszlov\u00e1k eln\u00f6k, egyenesen h\u00e1bor\u00fas usz\u00edt\u00e1snak tekintette, amely ellen Rothermere hevesen tiltakozott.<\/p>\n\n\n\n<p>A magyar sajt\u00f3 lelkesen sz\u00e1molt be Rothermere cikk\u00e9r\u0151l,<a href=\"#_ftn23\">[23]<\/a> s ezt alapb\u00f3l a vil\u00e1g lelkiismeret\u00e9nek hangjak\u00e9nt kezelte, s szinte m\u00e1r abban b\u00edzott, hogy napokon, heteken bel\u00fcl megindul Trianon \u00e1tgondol\u00e1sa:<\/p>\n\n\n\n<p><em>\u201eVill\u00e1m cik\u00e1zott \u00e1t a trianoni b\u00f6rt\u00f6n \u00e9jszak\u00e1j\u00e1n. Anglia leghatalmasabb \u00fajs\u00e1gm\u00e1gn\u00e1sa lord Rothermere cikket irt az angol vil\u00e1gbirodalom egyik legelterjedtebb \u00fajs\u00e1gj\u00e1ba, a Daliy Mailbe<a href=\"#_ftn24\"><strong>[24]<\/strong><\/a> Trianon tarthatatlan igazs\u00e1gtalans\u00e1g\u00e1r\u00f3l, a n\u00e9pek \u00f6nrendelkez\u00e9si jog\u00e1nak meghamis\u00edt\u00e1s\u00e1r\u00f3l \u00e9s k\u00e9t milli\u00f3 elszak\u00edtott testv\u00e9r\u00fcnknek visszacsatol\u00e1s\u00e1t k\u00f6veteli az eg\u00e9sz vil\u00e1g lelkiismeret\u00e9t\u0151l. Mi magunk, akik h\u00e9t \u00e9ve s\u00ednyl\u0151d\u00fcnk a csonkk\u00e1 nyomor\u00edtott trianoni Magyarorsz\u00e1g b\u00f6rt\u00f6n\u00e9ben, h\u00e9t esztendeje vigasztaljuk egym\u00e1st, hogy a mi igazs\u00e1gunk kik\u00e9l s\u00edrj\u00e1b\u00f3l. H\u00e9t \u00e9ve v\u00e1rjuk a vil\u00e1g lelkiismeret\u00e9nek megmozdul\u00e1s\u00e1t. Az ut\u00f3bbi esztend\u0151kben itt-ott hangot is kapott a magyars\u00e1ggal szemben elk\u00f6vetett b\u0171n \u00f6ntudata, de soha m\u00e9g olyan hatalmas \u00e9s az eg\u00e9sz vil\u00e1g lelkiismeret\u00e9t megmozgat\u00f3 sz\u00f3 nem ki\u00e1ltotta el az eg\u00e9sz f\u00f6ldkereks\u00e9gen, mint most lord Rothermere\u00e9, hogy engedj\u00e9tek a megal\u00e1zott magyars\u00e1got a Nap al\u00e1. T\u00f6bb mint sz\u00e1zmilli\u00f3 ember olvassa ma \u00e9s holnap Kanad\u00e1t\u00f3l Indi\u00e1ig, hogy a Magyarorsz\u00e1gt\u00f3l elszak\u00edtott ter\u00fcletek fel\u00e9t vissza kell adni, mert senkinek sincs joga a sz\u00ednmagyarok \u00e1ltal lakott ter\u00fcleteket bitorolni. Hogy mit jelent a hatalmas angol sajt\u00f3 egyik leghatalmasabb vez\u00e9r\u00e9nek megsz\u00f3lal\u00e1sa Trianon ellen, annak meg\u00e9rt\u00e9s\u00e9re el\u00e9g, ha sz\u00e1mba vessz\u00fck, mit jelentett a vil\u00e1gh\u00e1bor\u00fa sors\u00e1nak eld\u00f6nt\u00e9s\u00e9re az angol sajt\u00f3 propagand\u00e1ja. Vilmos cs\u00e1sz\u00e1r maga vallotta be, hogy csak ezt: az angol sajt\u00f3 hatalm\u00e1t felejtette ki sz\u00e1m\u00edt\u00e1s\u00e1b\u00f3l, amely a germ\u00e1n militarizmus g\u0151gje ellen fegyverbe \u00e1ll\u00edtotta az eg\u00e9sz vil\u00e1got. Ez a vil\u00e1ghatalom pedig kinyithatja a trianoni b\u00f6rt\u00f6n ajtait. De gondolj\u00e1k meg a trianoni b\u00f6rt\u00f6nben mindazok, akik a sajt\u00f3 g\u00fazsba k\u00f6t\u00f6z\u00e9s\u00e9nek vessz\u0151parip\u00e1j\u00e1n nyargal\u00e1sznak itthon, akik a sz\u00f3 sz\u00e1rny\u00e1nak nyirb\u00e1l\u00e1s\u00e1ban keresik a magyars\u00e1g megv\u00e1lt\u00e1s\u00e1nak var\u00e1zseszk\u00f6z\u00e9t: vajjon megsz\u00f3lalhatott volna-e ma a vil\u00e1g leghatalmasabb sajt\u00f3j\u00e1ban a magyar igazs\u00e1g szava, ha ott is eln\u00e9m\u00edthatt\u00e1k volna a trianoni b\u00e9k\u00e9t megpecs\u00e9tel\u0151 \u00e9s annak \u00e9rinthetetlens\u00e9g\u00e9t hirdet\u0151 korm\u00e1nyhatalmak az igazs\u00e1g szabad szav\u00e1t. A magyar f\u00f6lt\u00e1mad\u00e1s kakasszava az\u00e9rt sz\u00f3lalhatott meg a vil\u00e1g egyik legolvasottabb lapj\u00e1ban, mert Angli\u00e1ban a sajt\u00f3 olyan hatalom, amelyet a korm\u00e1nynak is respekt\u00e1lnia kell.\u201d<a href=\"#_ftn25\"><strong>[25]<\/strong><\/a><\/em><\/p>\n\n\n\n<p>Tal\u00e1n mer\u00e9sz lenne egy\u00e9rtelm\u0171en kijelenteni, hogy Rothermere tev\u00e9kenys\u00e9ge adott l\u00f6k\u00e9st a magyar revizionista gondolkod\u00e1snak, de az mindenesetre l\u00e1that\u00f3, hogy hat\u00e1sa lelkesed\u00e9ssel t\u00f6lt\u00f6tte el a bel- \u00e9s k\u00fclf\u00f6ldi magyars\u00e1got, s sz\u00e1mos szervezet alakult ennek hat\u00e1s\u00e1ra. Szint\u00e9n egy\u00e9rtelm\u0171en bizony\u00edthat\u00f3, hogy a Lord mind k\u00f6zvetlen\u00fcl, mind pedig k\u00f6zvetetten jelen\u0151s anyagi forr\u00e1shoz juttatta a revizionista szervezeteteket, valamint t\u00f6bb egy\u00e9b magyar szervezetet, mozgalmat, programot is. Igaz, arra, hogy Rothermere anyagilag t\u00e1mogatta volna a buffal\u00f3i gy\u0171l\u00e9s megtart\u00e1s\u00e1t nincsen bizony\u00edt\u00e9k, de er\u0151sen val\u00f3sz\u00edn\u0171s\u00edthet\u0151, mivel egy ekkora rendezv\u00e9ny lebonyol\u00edt\u00e1sa anyagilag jelent\u0151sen meghaladta volna a korabeli magyars\u00e1g lehet\u0151s\u00e9geit, s erre utal az is, hogy szem\u00e9lye \u2013 rendk\u00edv\u00fcl pozit\u00edv v\u00e9lem\u00e9nyez\u00e9s mellett \u2013 t\u00f6bbsz\u00f6r is sz\u00f3ba ker\u00fcl a t\u00e1rgyal\u00e1sok sor\u00e1n.<a href=\"#_ftn26\">[26]<\/a> De m\u00e9g abban az esetben is, ha anyagilag nem \u00e1llt volna a szervez\u00e9s mell\u00e9, egy\u00e9rtelm\u0171 a korabeli dokumentumok vizsg\u00e1lata alapj\u00e1n, hogy az \u0151 tev\u00e9kenys\u00e9ge olyan lelkesed\u00e9ssel t\u00f6lt\u00f6tte el a diaszp\u00f3ra magyars\u00e1g\u00e1t, hogy ennek hat\u00e1s\u00e1ra kezdt\u00e9k el megszervezni a buffal\u00f3i nemzetgy\u0171l\u00e9st.<\/p>\n\n\n\n<p><strong>A nemzetgy\u0171l\u00e9s el\u0151k\u00e9sz\u00fcletei<\/strong><\/p>\n\n\n\n<p>Az amerikai magyar egyletek k\u00f6z\u00f6tt m\u00e1r hosszabb ideje t\u00e9ma volt egy nagyobb \u2013 eg\u00e9sz \u00c9szak-Amerik\u00e1ra kiterjed\u0151 \u2013 gy\u0171l\u00e9s gondolata. A gy\u0171l\u00e9s f\u0151 c\u00e9lja az amerikai magyars\u00e1g \u00e9rdekeinek k\u00f6z\u00f6s nevez\u0151re hoz\u00e1sa volt. Jelent\u0151s probl\u00e9mak\u00e9nt mer\u00fclt fel, m\u00e1r r\u00f6gt\u00f6n a szervez\u00e9s keret\u00e9ben, majd k\u00e9s\u0151bb a nemzetgy\u0171l\u00e9sen, hogy b\u00e1r hangzatosan azt nyilatkozt\u00e1k, hogy a magyars\u00e1g 90 sz\u00e1zal\u00e9ka k\u00e9pviselve volt, de ez legal\u00e1bbis er\u0151s t\u00falz\u00e1snak min\u0151s\u00edthet\u0151. Ennek f\u0151 oka, hogy a szervez\u00e9s \u00e9s a tematika er\u0151sen azon csoportok kez\u00e9ben volt, akik a Horthy-korm\u00e1nyzatt\u00f3l \u2013 legal\u00e1bb politikai \u2013 t\u00e1mogat\u00e1st kaptak, s ezt azon csoportok, melyek ellens\u00e9gesek voltak a Horthy-f\u00e9le vezet\u00e9ssel, elutas\u00edtott\u00e1k. Gyakorlatilag elmondhat\u00f3, hogy maga a nemzetgy\u0171l\u00e9s csak egy apr\u00f3 reped\u00e9snek bizonyult abban a szakad\u00e9kban, ami m\u00e1r megfigyelhet\u0151 volt ekkor az \u00fagynevezett \u201enemzeti emigr\u00e1ci\u00f3\u201d \u00e9s a \u201eliber\u00e1lis-szocialista baloldal\u201d k\u00f6z\u00f6tt. E liber\u00e1lis-szocialista baloldal vezet\u0151i k\u00f6z\u00f6tt sz\u00e1mos dualista-kori munk\u00e1svez\u00e9rt \u00e9s 1919-es forradalm\u00e1rt tal\u00e1lhatunk, akik egy\u00e9rtelm\u0171en el\u00edt\u00e9lt\u00e9k Horthy Mikl\u00f3st \u00e9s politikai rendszer\u00e9t, hiszen azt a r\u00e9gi rend tov\u00e1bb\u00e9l\u00e9sek\u00e9nt \u00e9rt\u00e9kelt\u00e9k, \u00e9s b\u00e1r egyet\u00e9rtettek azzal a k\u00f6vetel\u00e9ssel, hogy Trianont fel\u00fcl kell b\u00edr\u00e1lni, de m\u00e9g ennek \u00e9rdek\u00e9ben sem voltak hajland\u00f3ak egy\u00fcttm\u0171k\u00f6dni, igaz, ezt a m\u00e1sik oldal sem nagyon forsz\u00edrozta, mondhatni halkan m\u00e9g \u00f6r\u00fcltek is neki, hogy a baloldal elk\u00fcl\u00f6n\u00fclt. Hasonl\u00f3 \u00e1ll\u00e1spontra jutott az Amerikai Magyar Zsid\u00f3k Sz\u00f6vets\u00e9ge is, amely a feh\u00e9rterrorral kapcsolatos antiszemita kileng\u00e9sek, valamint numerus clausus t\u00f6rv\u00e9ny eredm\u00e9nyek\u00e9nt szint\u00e9n \u2013 nagyr\u00e9szt \u2013 szervezetileg t\u00e1vol maradt, noha egyes rabbik \u00e9s h\u00edvek r\u00e9szt vettek az esem\u00e9nyen.<\/p>\n\n\n\n<p>A nemzetgy\u0171l\u00e9st 1929. m\u00e1rcius 15-\u00e9re h\u00edvt\u00e1k \u00f6ssze, m\u00e9ghozz\u00e1 a New York \u00e1llam \u00e9szaki r\u00e9sz\u00e9n tal\u00e1lhat\u00f3 Buffalo v\u00e1ros\u00e1ba. Buffalo kiv\u00e1laszt\u00e1s\u00e1ra az\u00e9rt ker\u00fclt sor, mert valamennyi csoport r\u00e9sz\u00e9re ar\u00e1nylag k\u00f6nnyen megk\u00f6zel\u00edthet\u0151 volt, s miut\u00e1n az USA-Kanada hat\u00e1r\u00e1n van, \u00edgy a kanadai magyars\u00e1g is ar\u00e1nylag k\u00f6nnyed\u00e9n meg tudta k\u00f6zel\u00edteni.<\/p>\n\n\n\n<p>K\u00e9s\u0151bb \u2013 els\u0151dlegesen az amerikai magyar katolikus papok k\u00e9r\u00e9s\u00e9re, illetve egy\u00e9b szervez\u00e9si neh\u00e9zs\u00e9gek miatt \u2013 mag\u00e1t a rendezv\u00e9nyt \u00e1ttett\u00e9k m\u00e1jus 27-29. k\u00f6z\u00e9. Az \u00e1thelyez\u00e9s mellett sz\u00f3lt, \u2013 a b\u00f6jti szertart\u00e1sok neh\u00e9zs\u00e9gei mellett \u2013 hogy Buffalo id\u0151j\u00e1r\u00e1sa m\u00e1rciusban \u00e1ltal\u00e1ban m\u00e9g el\u00e9g zord.<\/p>\n\n\n\n<p>A Nemzeti \u00dajs\u00e1g<a href=\"#_ftn27\">[27]<\/a> c\u00edm\u0171 kereszt\u00e9ny-politikai napilap 1929. febru\u00e1r 13-i sz\u00e1m\u00e1ban besz\u00e1molt arr\u00f3l a pol\u00e9mi\u00e1r\u00f3l, amely els\u0151dlegesen k\u00e9t napilap, a jobb oldalinak min\u0151s\u00edthet\u0151, Cleveland, OH-ban megjelen\u0151 Szabads\u00e1g<a href=\"#_ftn28\">[28]<\/a> \u00e9s a bal oldali New York, NY-ban megjelen\u0151 Amerikai Magyar N\u00e9pszava<a href=\"#_ftn29\"><em><strong>[29]<\/strong><\/em><\/a> k\u00f6z\u00f6tt alakult ki. Mag\u00e1t a tal\u00e1lkoz\u00f3t a Szabads\u00e1g, annak szerkeszt\u0151je Dr. Cserna Endre<a href=\"#_ftn30\">[30]<\/a>, valamint m\u00e1sik 42 magyar \u00fajs\u00e1g kezdte el szervezni. Gyakorlatilag a korszakot ennek a k\u00e9t \u00fajs\u00e1gnak a rivaliz\u00e1l\u00e1sa hat\u00e1rozta meg, ez\u00e9rt a New York-i Amerikai Magyar N\u00e9pszava \u00e9s k\u00f6r\u00fcl\u00f6tte \u00e1ll\u00f3 k\u00f6r\u00f6k ellenezt\u00e9k a gy\u0171l\u00e9st, el szerett\u00e9k volna \u00e9rni, &nbsp;hogy vagy m\u00e1s tematik\u00e1kat is vegyenek fel a nemzetgy\u0171l\u00e9s programj\u00e1ba, vagy eg\u00e9sz egyszer\u0171en ne ott \u00e9s ne akkor legyen a tal\u00e1lkoz\u00f3. V\u00e9g\u00fcl ez od\u00e1ig fajult, hogy az Amerikai Magyar N\u00e9pszava t\u00e1volt tartotta mag\u00e1t a gy\u0171l\u00e9st\u0151l, m\u00edg a Szabads\u00e1g \u00e9s t\u00e1rs\u00fajs\u00e1gai nagy sz\u00e1mban jelentek meg \u00e9s tud\u00f3s\u00edtottak a helysz\u00ednr\u0151l.<a href=\"#_ftn31\">[31]<\/a> A Nemzeti \u00dajs\u00e1g \u00edr a gy\u0171l\u00e9s el\u0151k\u00e9sz\u00fclete k\u00f6r\u00fcli bonyodalmakr\u00f3l:<\/p>\n\n\n\n<p><em>\u201eIzgalmas harcok el\u0151zt\u00e9k meg az amerikai magyars\u00e1g nemzetgy\u0171l\u00e9s\u00e9t. A lengyel \u00e9s orosz zsid\u00f3 v\u00e1llalkoz\u00f3k kez\u00e9re ker\u00fclt newyorki napilap, az Amerikai Magyar N\u00e9pszava k\u00e9ts\u00e9gbeesett eszk\u00f6z\u00f6kkel, szem\u00e9lyes t\u00e1mad\u00e1sokkal harcolt az ellen, hogy az amerikai magyarok tan\u00e1cskoz\u00e1sra \u00fclhessenek \u00f6ssze Buffaloban. Ezek a t\u00e1mad\u00e1sok k\u00fcl\u00f6n\u00f6sen akkor keltettek nagy visszahat\u00e1st, mikor a t\u00e1mad\u00f3 cikkeket Wegrzynek<a href=\"#_ftn32\"><strong>[32]<\/strong><\/a> lengyel lapkiad\u00f3, aki magyarul egy sz\u00f3t se tud, saj\u00e1t jegy\u00e9vel jegyezte \u00e9s mikor kider\u00fclt, hogy a lengyel kiad\u00f3nak a magyar bel\u00fcgyekbe avatkoz\u00f3 cikkei K\u00e1lm\u00e1non Jakab orosz t\u00e1rstulajdonos j\u00f3v\u00e1hagy\u00e1sa mellett l\u00e1ttak napvil\u00e1got. Ez az illet\u00e9ktelen beavatkoz\u00e1s akkora visszahat\u00e1st keltett az amerikai magyars\u00e1g k\u00f6r\u00e9ben, hogy a nemzetgy\u0171l\u00e9s sikere biztos\u00edtva volt. A megnyit\u00e1s \u00f3r\u00e1j\u00e1ra a hatalmas \u00fcl\u00e9sterem \u00e9s a karzatok zs\u00fafol\u00e1sig megteltek a magyars\u00e1g k\u00e9pvisel\u0151ivel.\u201d<\/em><a href=\"#_ftn33\">[33]<\/a><\/p>\n\n\n\n<p>A tervek szerint h\u00e1rom f\u0151 t\u00e9mak\u00f6rt terveztek \u00e9rinteni:<a href=\"#_ftn34\">[34]<\/a><\/p>\n\n\n\n<ol class=\"wp-block-list\" type=\"1\"><li>Az amerikai magyars\u00e1g \u00e1lland\u00f3 \u00e9s s\u00fallyal b\u00edr\u00f3 szervezet\u00e9nek ki\u00e9p\u00edt\u00e9se<\/li><li>Hat\u00e1sos \u00e1ll\u00e1sfoglal\u00e1s a trianoni b\u00e9ke ellen \u00e9s a rev\u00edzi\u00f3 elleni fell\u00e9p\u00e9s m\u00f3djainak vizsg\u00e1lata<\/li><li>Speci\u00e1lis magyar-amerikai probl\u00e9m\u00e1k int\u00e9z\u00e9se<\/li><\/ol>\n\n\n\n<p>B\u00e1r a rev\u00edzi\u00f3 l\u00e9nyeges szerepet t\u00f6lt\u00f6tt be a tan\u00e1cskoz\u00e1s el\u0151zetes terveiben, fontos megjegyezni, hogy m\u00e1r el\u0151re \u00fagy d\u00f6nt\u00f6ttek a szervez\u0151k, hogy Magyarorsz\u00e1g bel\u00fcgyeivel kapcsolatosan, a magyar politikai \u00e1llapotokat illet\u0151en nem k\u00edv\u00e1nnak v\u00e9lem\u00e9nyt nyilv\u00e1n\u00edtani. \u00d6sszess\u00e9g\u00e9ben 1929. m\u00e1jus 27-\u00e9n 272 egylet, 87 egyh\u00e1zk\u00f6zs\u00e9g, 41 h\u00edrlap k\u00e9pviselet\u00e9ben, mind\u00f6sszesen 974 deleg\u00e1tus jelent meg a New York \u00e1llambeli Buffalo v\u00e1ros akkori legel\u0151kel\u0151bb sz\u00e1llod\u00e1j\u00e1nak, a Hotel Statlernek 1500 ember befogad\u00e1s\u00e1ra alkalmas nagy term\u00e9ben, s kezdte meg a magyarok els\u0151 amerikai nemzetgy\u0171l\u00e9s\u00e9t.<\/p>\n\n\n\n<p>A gy\u0171l\u00e9sen r\u00e9szt vev\u0151k \u00f6sszet\u00e9tele rendk\u00edv\u00fcl \u00f6sszetett volt, ahogy Tarn\u00f3czy \u00c1rp\u00e1d<a href=\"#_ftn35\">[35]<\/a> besz\u00e1mol\u00f3j\u00e1ban megjegyezte: <em>\u201eBuffal\u00f3ban voltak katolikus papok, reform\u00e1tus papok, luther\u00e1nus papok, baptista pr\u00e9dik\u00e1torok, zsid\u00f3k papjai; voltak istenesek \u00e9s Isten n\u00e9lk\u00fcl v\u00e1ndorl\u00f3k; voltak legitimist\u00e1k, szabadkir\u00e1lyv\u00e1laszt\u00f3k, k\u00f6zt\u00e1rsas\u00e1giak \u00e9s eg\u00e9szen sz\u00e9lr\u0151l es\u0151 p\u00e1rtok k\u00e9pvisel\u0151i; voltak gazdagok szeg\u00e9nyek, urak, munk\u00e1sok, magyarok, ruth\u00e9nek, vendek, sv\u00e1bok, t\u00f3tok&#8230;\u201d<\/em><a href=\"#_ftn36\">[36]<\/a><\/p>\n\n\n\n<p>\u00c9rdekes viszont, hogy a legt\u00f6bb \u2013 magyarorsz\u00e1gi \u2013 \u00fajs\u00e1g jelent\u0151s k\u00e9s\u00e9ssel, majdnem egy h\u00f3napos k\u00e9s\u00e9ssel sz\u00e1molt be az esem\u00e9nyekr\u0151l, annak pontos d\u00e1tum\u00e1t legt\u00f6bb esetben le sem \u00edrva, amelyet nem indokolt a t\u00e1vols\u00e1g, hiszen a kor modernnek nevezhet\u0151 t\u00e1vk\u00f6zl\u00e9si eszk\u00f6zei m\u00e1r rendelkez\u00e9sre \u00e1lltak.<\/p>\n\n\n\n<p><strong>Az egyh\u00e1zak szerepv\u00e1llal\u00e1sa a nemzetgy\u0171l\u00e9s lebonyol\u00edt\u00e1s\u00e1ban<\/strong><\/p>\n\n\n\n<p>Az amerikai magyars\u00e1g t\u00f6rt\u00e9nete \u2013 s \u00edgy ennek r\u00e9szek\u00e9nt a Nemzetgy\u0171l\u00e9s \u2013 nem k\u00e9pzelhet\u0151 el az egyh\u00e1zak r\u00e9szv\u00e9tele n\u00e9lk\u00fcl. Az egyh\u00e1zak m\u00e1r kor\u00e1n az 1880-as \u00e9vekben felfedezt\u00e9k mekkora ig\u00e9ny van az emigr\u00e1ns magyarok k\u00f6r\u00e9ben az \u00f6nszervez\u0151d\u0151, mai sz\u00f3val \u00e9rtve civil szervezetek l\u00e9t\u00e9re. Az els\u0151 ilyen, \u00fagynevezett \u00f6nseg\u00e9lyez\u0151 egyletet 1886-ban alap\u00edtott\u00e1k a korai magyars\u00e1g egyik f\u0151 k\u00f6zpontj\u00e1ban Cleveland, OH-ban, Verhovay Seg\u00e9ly Egylet (Verhovay Fraternal Insurance Association) n\u00e9ven. Ennek a szervezetnek eredetileg 13 b\u00e1ny\u00e1sz volt az alap\u00edt\u00f3ja, s k\u00e9s\u0151bb a tagl\u00e9tsz\u00e1m t\u00f6bb mint \u00f6tvenezer f\u0151re n\u00f6vekedett.<\/p>\n\n\n\n<p>A sz\u00e1zadfordul\u00f3ra az elind\u00edtott betegseg\u00e9lyez\u0151 egyes\u00fcletek \u00faj feladatk\u00f6rt kaptak, hiszen a kor\u00e1bbi mellett fontos feladatuk lett a templomok \u00e9p\u00edt\u00e9s\u00e9nek el\u0151seg\u00edt\u00e9se. K\u00fcl\u00f6n\u00f6sen hangs\u00falyosan szolg\u00e1lta ezt a c\u00e9lt, az 1897-ben B\u00f6hm K\u00e1roly \u00e1ltal alap\u00edtott Sz\u0171z M\u00e1ria Magyarok P\u00e1tr\u00f3n\u00e1ja R\u00f3mai \u00e9s G\u00f6r\u00f6g Katholikus Sz\u00f6vets\u00e9g.<a href=\"#_ftn37\">[37]<\/a> A sz\u00e1mos egyletnek fontos szerepe volt abban is, hogy a bev\u00e1ndorl\u00f3k elsaj\u00e1t\u00edthatt\u00e1k azokat a form\u00e1kat, amely az \u00faj vil\u00e1gban az \u00f6nmegval\u00f3s\u00edt\u00e1s szempontj\u00e1b\u00f3l sz\u00fcks\u00e9gesnek mutatkozott, valamint t\u00e1rgyal\u00f3 f\u00e9lk\u00e9nt l\u00e9ptek fel az amerikai p\u00fcsp\u00f6k\u00f6k fel\u00e9, magyar pap k\u00e9r\u00e9se szempontj\u00e1b\u00f3l. A ki\u00e9rkez\u0151 magyar papok beilleszked\u00e9s\u00e9ben is l\u00e9nyeges volt tev\u00e9kenys\u00e9g\u00fck, hiszen a m\u0171k\u00f6d\u00e9shez sz\u00fcks\u00e9ges anyagi forr\u00e1sokat az els\u0151 id\u0151szakban ezek az egyletek teremtett\u00e9k el\u0151. A templomok \u00e9p\u00edt\u00e9s\u00e9nek lez\u00e1rult\u00e1val az egyletek \u2013 \u00e1ltal\u00e1ban egyh\u00e1zi vezet\u00e9ssel \u2013 els\u0151dleges feladata a magyars\u00e1g k\u00e9pviselete, azok \u00e9rdekeinek \u00e9rv\u00e9nyes\u00edt\u00e9se lett. Szinte valamennyi \u2013 magyarok \u00e1ltal lakott telep\u00fcl\u00e9sen \u2013 megfigyelhet\u0151, hogy a pl\u00e9b\u00e1nia mellett szerepet kaptak az egyletek is. A kis k\u00f6z\u00f6ss\u00e9gek vezet\u00e9s\u00e9t, seg\u00edt\u00e9s\u00e9t v\u00e1llal\u00f3 egyletek \u00e9s egyh\u00e1zak helyi szervezeteib\u0151l dal\u00e1rd\u00e1k, t\u00e1nccsoportok, m\u0171kedvel\u0151 g\u00e1rd\u00e1k alakultak. Tev\u00e9kenys\u00e9g\u00fck els\u0151sorban hazafias \u00fcnnepek, mulats\u00e1gok \u00e9s sz\u00edniel\u0151ad\u00e1sok rendez\u00e9s\u00e9vel sz\u00e9lesedett ki. A t\u00e1rsas-, m\u0171kedvel\u0151 \u00e9s \u00f6nk\u00e9pz\u0151k\u00f6r\u00f6k k\u00f6nnyen alakultak, \u00e9s k\u00f6nnyen fel is oszlottak. Els\u0151sorban sz\u00f3rakoz\u00e1st jelentett az amerikai magyars\u00e1g sz\u00e1m\u00e1ra a sz\u00edn\u00e9szet \u00e9s a m\u0171kedvel\u0151 el\u0151ad\u00e1sok minden fajt\u00e1ja, de megnyilv\u00e1nult benn\u00fck a m\u0171v\u00e9szet is. Az egyh\u00e1zak szinte minden esetben (ak\u00e1r anyagi, ak\u00e1r k\u00f6z\u00f6ss\u00e9gszervez\u00e9si k\u00e9rd\u00e9sben) biztos\u00edt\u00e9kk\u00e9nt \u00e1lltak az egyletek m\u00f6g\u00f6tt, s ez ford\u00edtva is igaz volt.<\/p>\n\n\n\n<p>A Buffalo-i Nemzetgy\u0171l\u00e9s m\u00f6g\u00f6tt is j\u00f3l megfigyelhet\u0151 ez a kett\u0151ss\u00e9g, hogy az egyletek \u00e9s az egyh\u00e1zak nagy sz\u00e1mban k\u00e9pviselt\u00e9k magukat. A feljegyz\u00e9sek szerint 272 egylet, valamint 87 egyh\u00e1zk\u00f6zs\u00e9g vett r\u00e9szt a gy\u0171l\u00e9sen. \u00d6kumenikus szempontb\u00f3l is rendk\u00edv\u00fcl jelent\u0151snek nevezhet\u0151 ez a tan\u00e1cskoz\u00e1s, hiszen ebben az id\u0151ben m\u00e9g sz\u00e1mtalan esetben megt\u00f6rt\u00e9nt, hogy a k\u00fcl\u00f6nb\u00f6z\u0151 felekezetek k\u00e9pvisel\u0151i (\u00e9s h\u00edvei) egym\u00e1ssal nem hogy nem \u00e1lltak sz\u00f3ba, de sok esetben er\u0151szakba torkol\u00f3 \u00f6sszet\u0171z\u00e9sek is megfigyelhet\u0151ek voltak.<\/p>\n\n\n\n<p><strong>A nemzetgy\u0171l\u00e9s f\u0151bb programpontjai \u00e9s f\u0151bb besz\u00e9dei<\/strong><\/p>\n\n\n\n<p>Mag\u00e1nak a gy\u0171l\u00e9snek napirendje nem maradt fenn, illetve nem el\u00e9rhet\u0151. A sajt\u00f3 els\u0151dlegesen a revizionista esem\u00e9nyekr\u0151l, hat\u00e1rozatokr\u00f3l sz\u00e1molt be, pedig t\u00f6bb, jelent\u0151s t\u00e9m\u00e1ban is sz\u00fclettek d\u00f6nt\u00e9sek, hangzottak el el\u0151ad\u00e1sok.<\/p>\n\n\n\n<p>A nemzetgy\u0171l\u00e9s t\u00e1viratot k\u00fcld\u00f6tt Herbert Hoover<a href=\"#_ftn38\">[38]<\/a> amerikai eln\u00f6knek az al\u00e1bbi tartalommal:<\/p>\n\n\n\n<p><em>\u201eEln\u00f6k\u00fcnk! Az Itteni nemzetgy\u0171l\u00e9sen egybegy\u0171lt magyar sz\u00e1rmaz\u00e1s\u00fa amerikai polg\u00e1rt\u00e1rsaim biztos\u00edtj\u00e1k \u00d6nt, az orsz\u00e1g els\u0151 polg\u00e1r\u00e1t fogadott haz\u00e1nk, az Amerikai Egyes\u00fclt \u00c1llamok ir\u00e1nti h\u0171s\u00e9g\u00fckr\u0151l \u00e9s ragaszkod\u00e1sukr\u00f3l, valamint azokkal a nagy eszm\u00e9kkel szemben, amelyeket az amerikai demokr\u00e1cia k\u00e9pvisel. Mi magyar sz\u00e1rmaz\u00e1s\u00fa polg\u00e1rok tengerent\u00fali messzi sz\u00fcl\u0151haz\u00e1nkb\u00f3l magunkkal hoztuk Magyarorsz\u00e1g nagy alf\u00f6ldein \u00e9s r\u00f6g\u00f6s hegyeiben sz\u00fcletett szabads\u00e1g\u00e9rt rajong\u00f3 szeretet\u00fcnket. A magyarok az amerikai polg\u00e1rh\u00e1bor\u00faban \u00e9ppen \u00fagy ontott\u00e1k az amerikai szabads\u00e1g\u00e9rt v\u00e9r\u00fcket, mint ahogy Kossuth Lajos vezet\u00e9se alatt v\u00e9r\u00fcket ontott\u00e1k Magyarorsz\u00e1g f\u00fcggetlens\u00e9g\u00e9\u00e9rt \u00e9s a magyar n\u00e9p szabads\u00e1g\u00e1\u00e9rt. Annak a szenved\u00e9lynek ereje, amellyel szeretj\u00fck Amerik\u00e1t, magyar v\u00e9r\u00fcnkre vezethet\u0151 vissza. Dr\u00e1ga sz\u00fcl\u0151haz\u00e1nk eml\u00e9k\u00e9t szeretettel \u0151rizz\u00fck sz\u00edv\u00fcnkben! Ebben a komoly \u00f3r\u00e1ban, amikor egymilli\u00f3 magyar sz\u00e1rmaz\u00e1s\u00fa amerikai polg\u00e1r egyes\u00fcl a fogadott \u00e9s sz\u00fcl\u0151haza h\u0171s\u00e9g\u00e9nek sz\u00f3l\u00f3 \u00e9rzelmek kifejez\u00e9s\u00e9ben, vajon megk\u00e9rhetj\u00fck-e \u00d6nt, ki az amerikai n\u00e9p nagylelk\u0171s\u00e9ge folyt\u00e1n az \u00e9hez\u0151 magyar milli\u00f3knak seg\u00e9dkezet ny\u00fajtott, &#8211; hogy a kell\u0151 id\u0151ben, komoly figyelembe m\u00e9lt\u00f3ztass\u00e1k venni a sz\u00e9gyenteljes trianoni b\u00e9keszerz\u0151d\u00e9st, amelyet az Amerikai Egyes\u00fclt \u00c1llamok nem er\u0151s\u00edtett meg, miut\u00e1n ez a b\u00e9keszerz\u0151d\u00e9s az amerikai k\u00f6zt\u00e1rsas\u00e1g k\u00e9t alapvet\u0151 elv\u00e9nek, az igazs\u00e1gnak \u00e9s a b\u00e9k\u00e9nek nem \u00e1llott szolg\u00e1lat\u00e1ban. Engedje meg, hogy megk\u00e9rj\u00fck arra, mint az Amerikai Egyes\u00fclt \u00c1llamok h\u0171s\u00e9ges fiai, hogy a nagy amerikai n\u00e9p nagylelk\u0171s\u00e9g\u00e9t Magyarorsz\u00e1g eset\u00e9ben terjessze ki az igazs\u00e1g \u00e9s a b\u00e9ke k\u00e9rd\u00e9s\u00e9re, annak a Magyarorsz\u00e1gnak \u00e9rdek\u00e9ben, amelyet ter\u00fclet\u00e9nek k\u00e9tharmad r\u00e9sz\u00e9t\u0151l, ezer\u00e9ves \u00f6r\u00f6ks\u00e9g\u00e9t\u0151l megfosztottak. Milli\u00f3kra r\u00fag azoknak a polg\u00e1rainak sz\u00e1ma, akik mesterk\u00e9lt, igazs\u00e1gtalan, a t\u00f6rt\u00e9nelem szellem\u00e9nek ellentmond\u00f3 k\u00fclf\u00f6ldi hat\u00e1rok k\u00f6z\u00f6tt, messze testv\u00e9reit\u0151l k\u00e9nytelenek \u00e9lni. Engedtess\u00e9k meg nek\u00fcnk, hogy megk\u00e9rj\u00fck arra, vegye figyelembe a trianoni b\u00e9keszerz\u0151d\u00e9s revidi\u00e1l\u00e1s\u00e1t k\u00edv\u00e1n\u00f3 jajki\u00e1lt\u00e1sunkat, mert ez a b\u00e9keszerz\u0151d\u00e9s minden baj okoz\u00f3ja. Igazs\u00e1got k\u00e9r\u00fcnk Magyarorsz\u00e1gnak, b\u00e9k\u00e9t a vil\u00e1gnak!\u201d<a href=\"#_ftn39\"><strong>[39]<\/strong><\/a><\/em><\/p>\n\n\n\n<p>Hoover szint\u00e9n t\u00e1viratban v\u00e1laszolt, s ez alapj\u00e1n a t\u00e1virat alapj\u00e1n k\u00f6vetkeztetett az Est c\u00edm\u0171 \u00fajs\u00e1g, hogy az amerikai eln\u00f6k egy\u00e9rtelm\u0171en elk\u00f6telezte mag\u00e1t a magyar \u00fcgynek:<\/p>\n\n\n\n<p><em>\u201eMegkaptam mai d\u00e1tummal kelt t\u00e1viratukat \u00e9s ki akarom fejezni azt, hogy nagyra becs\u00fcl\u00f6m azokat a nemes \u00e9rzelmeket, amelyeket \u00d6n\u00f6k ir\u00e1ntam \u00e9s korm\u00e1nyom ir\u00e1nt kifejeztek. A nyilatkozatot nagy \u00e9rdekl\u0151d\u00e9ssel olvastam.\u201d<\/em><a href=\"#_ftn40\">[40]<\/a><em><\/em><\/p>\n\n\n\n<p>Ezen k\u00edv\u00fcl m\u00e9g t\u00e1viratban k\u00f6sz\u00f6nt\u00f6tt\u00e9k a magyar Orsz\u00e1ggy\u0171l\u00e9st, Ramsay MacDonald<a href=\"#_ftn41\">[41]<\/a> frissen megv\u00e1lasztott brit minisztereln\u00f6k\u00f6t, illetve f\u0151 t\u00e1mogat\u00f3jukat a kor\u00e1bban m\u00e1r t\u00e1rgyalt Lord Rothermer\u00e9t. Hogy a Lord milyen fontos szerepet t\u00f6lt\u00f6tt be a magyars\u00e1g gondolkod\u00e1s\u00e1ban, j\u00f3l bizony\u00edtja a k\u00fcld\u00f6tt t\u00e1virat sz\u00f6veg\u00e9nek r\u00e9szlete:<\/p>\n\n\n\n<p><em>\u201eLords\u00e1god nev\u00e9nek eml\u00edt\u00e9s\u00e9re z\u00fag\u00f3 ov\u00e1ci\u00f3ban t\u00f6rt ki a nemzetgy\u0171l\u00e9s, amely \u00e1lland\u00f3 szervezett\u00e9 t\u00f6m\u00f6r\u00fclt \u00e9s z\u00e1szlaj\u00e1ra a trianoni szerz\u0151d\u00e9s rev\u00edzi\u00f3j\u00e1t \u00edrta.\u201d<\/em><a href=\"#_ftn42\">[42]<\/a><\/p>\n\n\n\n<p>A nemzetgy\u0171l\u00e9sr\u0151l sz\u00f3l\u00f3 besz\u00e1mol\u00f3k k\u00e9t besz\u00e9det emeltek ki, mint a tal\u00e1lkoz\u00f3 legnagyobb hat\u00e1s\u00fa besz\u00e9deit. Az egyiket, melynek sz\u00f6veg\u00e9t a Cleveland, OH-i Szabads\u00e1g c\u00edm\u0171 hetilap 10000 p\u00e9ld\u00e1nyban kinyomtatta, s ingyenesen sz\u00e9tk\u00fcldte, E\u00f6rd\u00f6gh Elem\u00e9r<a href=\"#_ftn43\">[43]<\/a> prel\u00e1tus, Toledo, OH magyar pl\u00e9b\u00e1nosa jegyezte. Besz\u00e9d\u00e9ben kiemelte, hogy mekkora k\u00e1oszt \u00e9s v\u00e1ls\u00e1got okozott Trianon, hiszen:<\/p>\n\n\n\n<p><em>\u201e(\u2026) Eur\u00f3pa, ha nem is \u00e1ll h\u00e1bor\u00fa el\u0151tt, gazdas\u00e1gilag is, politikailag is, t\u00e1rsadalmilag is nagyon beteg. A betegs\u00e9gnek egyik legnagyobb oka, forr\u00e1sa: Trianon!\u201d<\/em><a href=\"#_ftn44\">[44]<\/a><\/p>\n\n\n\n<p>K\u00e9s\u0151bb b\u0151vebben fejtegette, hogy b\u00e1r az igaz, hogy a magyars\u00e1g elleni cselekedetek a leger\u0151sebbek, s legdurv\u00e1bbak, de ez a b\u00e9kek\u00f6t\u00e9s val\u00f3j\u00e1ban senkinek sem j\u00f3, hiszen sz\u00e1mtalan probl\u00e9m\u00e1t \u00e9s konfliktust sz\u00fclt, szerte Eur\u00f3p\u00e1ban:<\/p>\n\n\n\n<p><em>\u201eAz osztr\u00e1kok N\u00e9metorsz\u00e1ggal akarnak egyes\u00fclni, m\u00e1sr\u00e9szt a szerbek \u00e9s horv\u00e1tok, &#8211; a csehek \u00e9s t\u00f3tok, &#8211; a bolg\u00e1rok \u00e9s maced\u00f3nok, &#8211; a csehek \u00e9s rut\u00e9nek irgalmatlan, szinte k\u00e9shegyre men\u0151 \u00e9let-hal\u00e1l harcot folytatnak egym\u00e1ssal, ugyanezt teszik a rom\u00e1nok, szerbek \u00e9s csehek a magyarokkal is.\u201d<a href=\"#_ftn45\"><strong>[45]<\/strong><\/a><\/em><\/p>\n\n\n\n<p>E\u00f6rd\u00f6gh felh\u00edvta a figyelmet, hogy Eur\u00f3p\u00e1nak nyugalomra, csendre, b\u00e9k\u00e9re, valamint stabiliz\u00e1ci\u00f3ra lenne sz\u00fcks\u00e9ge, s felh\u00edvta a N\u00e9psz\u00f6vets\u00e9g figyelm\u00e9t, hogy a N\u00e9psz\u00f6vets\u00e9g alapokm\u00e1nya is arr\u00f3l sz\u00f3l, hogy a b\u00e9k\u00e9t vesz\u00e9lyeztet\u0151 nemzetk\u00f6zi szerz\u0151d\u00e9seket fel\u00fcl kell vizsg\u00e1lni. K\u00fcl\u00f6n kiemelte, hogy a jelenlegi status quo el\u0151bb-ut\u00f3bb bizonyosan \u00fajabb h\u00e1bor\u00fahoz fog vezetni.<\/p>\n\n\n\n<p>Ezek mellett arr\u00f3l is besz\u00e9lt, hogy mit is \u00e9rt rev\u00edzi\u00f3 alatt. Kijelentette, hogy nem fogadhatnak el olyan rev\u00edzi\u00f3t, ami nem biztos\u00edtja a <em>\u201emagyar nemzetnek \u00f6n\u00e1ll\u00f3, teljes fejl\u0151d\u0151k\u00e9pes nemzeti l\u00e9tnek k\u00fcls\u0151 felt\u00e9teleit.\u201d<\/em><a href=\"#_ftn46\">[46]<\/a><\/p>\n\n\n\n<p>Erre az is rem\u00e9nyt ad, hogy valamennyi komolyabb t\u00f6rt\u00e9nelmi esem\u00e9ny ut\u00e1n az els\u0151 rendez\u00e9st k\u00f6vette egy megfontoltabb, m\u00e1sodik rendez\u00e9s is, s lassan itt lenne ennek az ideje. S ebben a harcban megfogalmazta az amerikai magyars\u00e1g f\u0151 feladat\u00e1t: \u201e<em>A rev\u00edzi\u00f3s mozgalom gy\u0151zelemre juttat\u00e1s\u00e1ban \u00e1ll az amerikai magyars\u00e1g nagy t\u00f6rt\u00e9nelmi k\u00fcldet\u00e9se\u201d<\/em><a href=\"#_ftn47\">[47]<\/a><\/p>\n\n\n\n<p>A m\u00e1sik, szint\u00e9n jelent\u0151s besz\u00e9d Konta S\u00e1ndor<a href=\"#_ftn48\">[48]<\/a>, az amerikai magyarok \u201egrand old man\u201d-j\u00e9nek besz\u00e9de volt, amelyet k\u00e9s\u0151bb az amerikai szen\u00e1tus is megismert, s egy k\u00fcl\u00f6nleges elj\u00e1r\u00e1sban, melyet a kiemelked\u0151 besz\u00e9dek elismer\u00e9s\u00e9re alkotott meg a szen\u00e1tus, \u00fagynevezett jegyz\u0151k\u00f6nyvbe iktat\u00e1ssal<a href=\"#_ftn49\">[49]<\/a> \u00f6r\u00f6k\u00edtette meg, ez\u00e1ltal a besz\u00e9det a Kongresszusi K\u00f6nyvt\u00e1rban helyezte el, s tette kutathat\u00f3v\u00e1. N\u00e9h\u00e1ny h\u00f3nappal k\u00e9s\u0151bb a besz\u00e9dr\u0151l a magyar Orsz\u00e1ggy\u0171l\u00e9sben is megeml\u00e9keztek, G\u00f6mb\u00f6s Gyula<a href=\"#_ftn50\">[50]<\/a> napirend ut\u00e1ni felsz\u00f3lal\u00e1s\u00e1ban jelezte, hogy hat\u00e1rozati javaslatot k\u00edv\u00e1n beny\u00fajtani, hogy a besz\u00e9det, s annak az amerikai szen\u00e1tusban t\u00f6rt\u00e9nt elismer\u00e9s\u00e9t hat\u00e1rozatban k\u00f6sz\u00f6ntse a parlament.<a href=\"#_ftn51\">[51]<\/a><\/p>\n\n\n\n<p>Konta szerepe a gy\u0171l\u00e9ssel kapcsolatosan az\u00e9rt is l\u00e9nyeges, mivel az amerikai magyarok helyzete igen k\u00e9nyes volt, hiszen nem folytathattak olyan tev\u00e9kenys\u00e9get, amely annak az \u00e1llamnak (jeles\u00fcl az Egyes\u00fclt \u00c1llamoknak), amelynek \u00e1llampolg\u00e1rai lettek, elveivel, nemzetk\u00f6zi politik\u00e1j\u00e1val ellent\u00e9tes. Ez viszont l\u00e1tsz\u00f3lag egy megoldhatatlan akad\u00e1ly volt, hiszen az Egyes\u00fclt \u00c1llamok a k\u00fcl\u00f6nb\u00e9k\u00e9ben elfogadta a trianoni hat\u00e1rokat, s annak fel\u00fclvizsg\u00e1lat\u00e1t, \u2013 ha nem is ellenezte \u2013 de nem t\u00e1mogatta. Ennek a gordiuszi csom\u00f3nak a megsz\u00fcntet\u00e9se v\u00e1rt besz\u00e9d\u00e9ben Konta S\u00e1ndorra, aki hivatkozva id\u0151s kor\u00e1ra, b\u00e1r a besz\u00e9d meg\u00edr\u00e1s\u00e1t v\u00e1llalta, de felolvasni viszont Rickert Ern\u0151 Lorain, OH-i katolikus pl\u00e9b\u00e1nossal olvastatta fel. A besz\u00e9det r\u00f6vid id\u0151n bel\u00fcl 10000 p\u00e9ld\u00e1nyban jelentett\u00e9k meg.<\/p>\n\n\n\n<p>A Nemzeti \u00dajs\u00e1g \u00f6sszefoglal\u00e1s\u00e1ban az al\u00e1bbi f\u0151bb gondolatok hangoztak el a besz\u00e9dben:<\/p>\n\n\n\n<p><em>\u201eKonta S\u00e1ndor besz\u00e9de els\u0151sorban azt \u00e1llap\u00edtotta meg, hogy mikor az amerikai magyarok letett\u00e9k az amerikai polg\u00e1ri esk\u00fct, akkor nem \u00e9ltek mentalis reservatioval, hanem csakugyan h\u0171s\u00e9ges fiai lettek az \u00faj haz\u00e1nak. Ez az esk\u00fc azonban nem k\u00f6vetelte soha az amerikai \u00e1llampolg\u00e1rr\u00e1 lett magyart\u00f3l azt, hogy sz\u00fcl\u0151haz\u00e1j\u00e1t megtagadja, elfeledje. \u00c9ppen ellenkez\u0151leg: az amerikai k\u00f6zv\u00e9lem\u00e9ny mindig a legtoler\u00e1nsabb volt Konta S\u00e1ndorral szemben akkor, mikor negyven esztendei k\u00f6zszerepl\u00e9se alatt Magyarorsz\u00e1g dics\u0151s\u00e9g\u00e9r\u0151l, az \u00e9lethez val\u00f3 jog\u00e1r\u00f3l, m\u0171v\u00e9szet\u00e9nek \u00e9s irodalm\u00e1nak, eg\u00e9sz kult\u00far\u00e1j\u00e1nak f\u00f6l\u00e9nyes volt\u00e1r\u00f3l eml\u00e9kezett. Ezut\u00e1n arra mutatott r\u00e1, hogy \u00f3ri\u00e1si k\u00fcl\u00f6nbs\u00e9g van ak\u00f6z\u00f6tt, hogy a kiv\u00e1ndorl\u00f3it magyarok Amerika f\u00f6ldj\u00e9n mik\u00e9nt \u00e9reznek \u00e9s mik\u00e9nt cselekednek Magyarorsz\u00e1ggal szemben. Az \u00e9rz\u00e9seket korl\u00e1tozni nem lehet. A tetteket azonban a j\u00f3zan meggondol\u00e1s a lehet\u0151s\u00e9gekhez kell, hogy szor\u00edtsa. A megold\u00e1s a j\u00f3 \u00edzl\u00e9s \u00e9s a helyes politikai taktika k\u00e9rd\u00e9se.<\/em><\/p>\n\n\n\n<p><em>Konta kimutatta azt, hogy az Egyes\u00fclt \u00c1llamok alkotm\u00e1ny\u00e1ban nincs egyetlen olyan tilt\u00f3 rendelkez\u00e9s, amely akad\u00e1lyozn\u00e1 azt, hogy az amerikai magyars\u00e1g teljes r\u00e9szletess\u00e9ggel foglalkozz\u00e9k a trianoni rev\u00edzi\u00f3 \u00fcgy\u00e9vel. E tekintetben csakis a j\u00f3 \u00cdzl\u00e9s \u00e9s a k\u00fclpolitikai sz\u00fcks\u00e9gess\u00e9g szabhat hat\u00e1rokat. Nagyon kell vigy\u00e1znunk k\u00fcl\u00f6n\u00f6sen arra, hogy az amerikai k\u00f6zv\u00e9lem\u00e9ny \u00e9rz\u00e9kenys\u00e9g\u00e9t ne s\u00e9rts\u00fck meg e t\u00e9ren, hanem azon f\u00e1radozzunk, hogy a Magyarorsz\u00e1g ir\u00e1nt er\u0151sen \u00e9bredez\u0151 j\u00f3akaratot m\u00e9g jobban megnyerj\u00fck. M\u00e9g csak a l\u00e1tszat\u00e1t se szabad kelteni f\u0151leg annak a gyan\u00fanak, hogy a trianoni rev\u00edzi\u00f3ra t\u00f6rekv\u0151 mozgalmat Magyarorsz\u00e1g ir\u00e1ny\u00edtan\u00e1 vagy seg\u00edten\u00e9 el\u0151 anyagi eszk\u00f6z\u00f6kkel.\u201d<\/em> <a href=\"#_ftn52\">[52]<\/a><\/p>\n\n\n\n<p>E besz\u00e9d t\u00f6bb pontja igen l\u00e9nyeges. Az els\u0151 az, hogy tiszt\u00e1zni akarja az Amerik\u00e1ban \u00e9l\u0151 magyarokat az al\u00f3l a kimondott, vagy kimondatlan v\u00e1d al\u00f3l, hogy \u2013 mivel a vil\u00e1gh\u00e1bor\u00faban \u0151k egy kv\u00e1zi ellens\u00e9ges orsz\u00e1gb\u00f3l sz\u00e1rmazott szem\u00e9lyek voltak \u2013 a v\u00e1lasztott haz\u00e1juknak \u201eellens\u00e9gei\u201d lenn\u00e9nek. Pont ellenkez\u0151leg, magukat j\u00f3 \u00e9s h\u0171s\u00e9ges amerikai polg\u00e1roknak gondolt\u00e1k, de a gondolatszabads\u00e1g elve alapj\u00e1n fenntartott\u00e1k maguknak a jogot, hogy javaslatot tegyenek Amerik\u00e1nak a hivatalos \u00e1ll\u00e1spont \u2013 Trianon t\u00e1mogat\u00e1sa \u2013 megv\u00e1ltoztat\u00e1s\u00e1ra. Ezt viszont \u2013 kifejezetten hangs\u00falyosan \u2013 \u00f6ner\u0151b\u0151l, a magyar \u00e1llam t\u00e1mogat\u00e1s\u00e1nak mindenf\u00e9le l\u00e1tszata n\u00e9lk\u00fcl k\u00edv\u00e1nt\u00e1k el\u00e9rni. K\u00fcl\u00f6n\u00f6sen el akart\u00e1k ker\u00fclni a magyar \u00e1llam anyagi t\u00e1mogat\u00e1s\u00e1t, nehogy \u201ek\u00fclf\u00f6ldi \u00fcgyn\u00f6k\u00f6k\u201d gyan\u00faj\u00e1ba keveredjenek.<\/p>\n\n\n\n<p><strong>A t\u00e1rgyal\u00e1s gyakorlati lebonyol\u00edt\u00e1sa \u00e9s f\u0151bb d\u00f6nt\u00e9sei<\/strong><\/p>\n\n\n\n<p>Az \u00fcl\u00e9s eln\u00f6k\u00e9v\u00e9 k\u00f6zfelki\u00e1lt\u00e1ssal Moln\u00e1r Istv\u00e1nt<a href=\"#_ftn53\">[53]<\/a>, az amerikai magyar reform\u00e1tus seg\u00e9degylet titk\u00e1r\u00e1t v\u00e1lasztott\u00e1k meg. Mag\u00e1t a gy\u0171l\u00e9st Tarn\u00f3czy \u00c1rp\u00e1d k\u00f6lt\u0151 level\u00e9nek felolvas\u00e1s\u00e1val kezdt\u00e9k meg. A lev\u00e9l hangs\u00falyozta, hogy m\u00e9g nem fordult soha el\u0151, hogy Magyarorsz\u00e1gon k\u00edv\u00fcl ennyi magyar gy\u0171lj\u00f6n \u00f6ssze t\u00e1rgyalni, s a j\u00f6v\u0151t tervezni.<\/p>\n\n\n\n<p>M\u00e1r a szervez\u00e9s id\u0151szak\u00e1ban felmer\u00fclt a gondolat, hogy a k\u00fcl\u00f6nb\u00f6z\u0151 t\u00e9m\u00e1kat bizotts\u00e1gokban t\u00e1rgyalj\u00e1k meg, majd ezek a bizotts\u00e1gok tegyenek jelent\u00e9st a teljes pl\u00e9numnak. A sajt\u00f3 bizotts\u00e1g el\u0151ad\u00f3ja Fony\u00f3 Alad\u00e1r<a href=\"#_ftn54\">[54]<\/a> lett, az alkotm\u00e1nyoz\u00f3 bizotts\u00e1g, melynek feladata az ezen az \u00fcl\u00e9sen megalak\u00edtand\u00f3 orsz\u00e1gos magyar szervezet r\u00e9szleteinek meghat\u00e1roz\u00e1sa el\u0151ad\u00f3ja Konta S\u00e1ndor lett. A p\u00e9nz\u00fcgyi bizotts\u00e1got Acz\u00e9l Aur\u00e9l dr.<a href=\"#_ftn55\">[55]<\/a> k\u00e9pviselte. Az egyik legjelent\u0151sebb bizotts\u00e1g az un. revizi\u00f3s bizotts\u00e1g \u00f6tven tagb\u00f3l \u00e1llt, s vezet\u0151j\u00e9nek E\u00f6rd\u00f6gh Elem\u00e9r prel\u00e1tust v\u00e1lasztott\u00e1k. Ezeken k\u00edv\u00fcl m\u00e9g k\u00fcl\u00f6n bizotts\u00e1g foglalkozott a j\u00f6v\u0151 nemzed\u00e9kkel, T\u00f3th S\u00e1ndor dr. vezet\u00e9s\u00e9vel, valamint bizotts\u00e1got \u00e1ll\u00edtottak fel az \u00e1rv\u00e1k \u00e9s aggok \u00fcgyeinek rendez\u00e9s\u00e9re, illetve a kultur\u00e1lis \u00fcgyek rendez\u00e9s\u00e9re, melyet Varga Hug\u00f3 Cleveland, OH-i \u00fcgyv\u00e9d vezetett. A bizotts\u00e1gok a p\u00e9nteki napon \u00fcl\u00e9seztek, majd ez ut\u00e1n \u00fclt \u00f6ssze maga a nemzetgy\u0171l\u00e9s. Az \u00fcl\u00e9sen sz\u00e1mos javaslat mer\u00fclt fel, melyek k\u00f6z\u00f6tt voltak komolyabbak, illetve voltak olyanok, amelyek legal\u00e1bbis megmosolyogtat\u00f3ak. Az egyik ilyen furcsa javaslatot Juh\u00e1sz P\u00e9ter k\u00fcld\u00f6tt javasolta, aki azt vetett fel, hogy Budapest nev\u00e9t Kossuthra v\u00e1ltoztass\u00e1k. Ezt a nemzetgy\u0171l\u00e9s \u2013 mint amelyiknek e t\u00e9ma nem tartozik a kompetenci\u00e1j\u00e1ba \u2013 elutas\u00edtotta.<\/p>\n\n\n\n<p>Term\u00e9szetesen az \u00fcl\u00e9s legfontosabb t\u00e9m\u00e1ja a rev\u00edzi\u00f3 k\u00e9rd\u00e9se volt, de emellett sz\u00e1mos olyan k\u00e9rd\u00e9s mer\u00fclt fel, amely a magyars\u00e1g amerikai \u00e9let\u00e9t a k\u00e9s\u0151bbiekben meghat\u00e1rozta, meghat\u00e1rozhatta volna. Az egyik ilyen kifejezetten fontosnak \u00edt\u00e9lt t\u00e9ma az oktat\u00e1s k\u00e9rd\u00e9se volt. A tervek szerint k\u00f6telez\u0151v\u00e9 tett\u00e9k volna a sz\u00fcl\u0151knek gyermekeik magyar nyelvre tan\u00edt\u00e1s\u00e1t, \u00e9s a h\u00e9tv\u00e9gi \u00e9s ny\u00e1ri iskol\u00e1k lehet\u0151s\u00e9g szerinti fel\u00e1ll\u00edt\u00e1s\u00e1t.<a href=\"#_ftn56\">[56]<\/a> Err\u0151l Smik Csaba Ferenc tanulm\u00e1ny\u00e1ban \u00edgy \u00edrt:<\/p>\n\n\n\n<p><em>\u201e(\u2026) \u00bbMentsd meg a m\u00e1sodik gener\u00e1ci\u00f3t!\u00ab jelszav\u00fa program, amelynek fontos \u00e1llom\u00e1sa volt az 1929-es Buffal\u00f3i Nemzetgy\u0171l\u00e9s, majd ugyanez \u00e9v augusztus\u00e1ban, a Magyarok Els\u0151 Vil\u00e1gkongresszusa Budapesten, a Klebelsberg-i progressz\u00edv, kultur\u00e1lis nacionalizmus jegy\u00e9ben. Tank\u00f6nyveket \u00e9s egy\u00e9b, a magyar kult\u00far\u00e1t terjeszt\u0151 anyagokat juttattak el Magyarorsz\u00e1gr\u00f3l Amerik\u00e1ba. Di\u00e1kcser\u00e9k, ny\u00e1ri t\u00e1borok indultak. \u00c9rdekess\u00e9 akart\u00e1k tenni a magyars\u00e1got gyermekeik sz\u00e1m\u00e1ra. Azonban a lassan megindul\u00f3 p\u00e1rbesz\u00e9det, a hazai \u00e9s diaszpori\u00e1lis magyars\u00e1g k\u00f6z\u00f6tt megakasztotta, majd egy r\u00f6vid \u00e1tmenet ut\u00e1n lehetetlenn\u00e9 tette az \u00fajabb vil\u00e1gh\u00e1bor\u00fa, \u00e9s az azt k\u00f6vet\u0151 magyarorsz\u00e1gi politikai, t\u00e1rsadalmi fordulat.\u201d<\/em><a href=\"#_ftn57\">[57]<\/a><em><\/em><\/p>\n\n\n\n<p>Mivel a kor\u00e1bbi bev\u00e1ndorl\u00f3k ekkorra m\u00e1r gyakorlatilag letelepedettnek min\u0151s\u00fclnek (sz\u00e1mos esetben \u00e1llampolg\u00e1rs\u00e1ggal) a sz\u00fcletett gyermekek sz\u00e1m\u00e1ra egyre er\u0151sebb az ig\u00e9ny a magyar \u00e9s katolikus iskol\u00e1k l\u00e9trehoz\u00e1s\u00e1ra, fenntart\u00e1s\u00e1ra, illetve kib\u0151v\u00edt\u00e9s\u00e9re. A magyar iskola, illetve a katolikus iskola k\u00e9rd\u00e9s\u00e9t \u00e1rnyalja, hogy b\u00e1r valamennyi pl\u00e9b\u00e1nos \u2013 s itt nem csak a nemzetis\u00e9gieket \u00e9rtj\u00fck \u2013 lelkiismereti k\u00f6teless\u00e9gk\u00e9nt el\u0151\u00edrta, hogy katolikus iskol\u00e1ba \u00edrass\u00e1k a sz\u00fcl\u0151k gyermekeiket, ez sz\u00e1mos alkalommal \u2013 els\u0151dlegesen anyagi okokb\u00f3l<a href=\"#_ftn58\">[58]<\/a> \u2013 nem t\u00f6rt\u00e9nt meg. Ennek a k\u00f6telezetts\u00e9gnek, pl. Chicago, IL-ben, a sz\u00fcl\u0151k csak mintegy fele tett eleget.<a href=\"#_ftn59\">[59]<\/a> \u00d6sszefoglalva a buffaloi nemzetgy\u0171l\u00e9sen kimondt\u00e1k, hogy a magyar nyelv v\u00e9delme ter\u00e9n a leghat\u00e1rozottabb eszk\u00f6z\u00f6knek a nemzetgy\u0171l\u00e9s a magyar iskol\u00e1kat ismeri el, teh\u00e1t a nemzetgy\u0171l\u00e9s teljes tekint\u00e9ly\u00e9vel s\u00fcrgette \u00e9s buzd\u00edtotta a magyar sz\u00fcl\u0151ket, hogy legfontosabb faji k\u00f6teless\u00e9g\u00fcknek tarts\u00e1k gyermekeiknek a magyar iskol\u00e1kba val\u00f3 j\u00e1rat\u00e1s\u00e1t.<a href=\"#_ftn60\">[60]<\/a><\/p>\n\n\n\n<p>A nemzetgy\u0171l\u00e9s mindezek mellett kijelentette, hogy a magyarorsz\u00e1gi helyzetbe nem k\u00edv\u00e1n beavatkozni, de az\u00e9rt a N\u00e9pszava besz\u00e1mol\u00f3ja szerint a nemzetgy\u0171l\u00e9s elk\u00f6telezte mag\u00e1t a faji \u00e9s felekezeti k\u00fcl\u00f6nbs\u00e9gt\u00e9tel megsz\u00fcntet\u00e9se mellett \u00e9s a hat\u00e1rozottan t\u00e1mogatta a szabads\u00e1g k\u00e9rd\u00e9s\u00e9t:<\/p>\n\n\n\n<p><em>\u201eAz amerikai magyarok buffal\u00f3i nemzetgy\u0171l\u00e9se hat\u00e1rozottan k\u00f6vetelte mindama szabads\u00e1gjogok bevezet\u00e9s\u00e9t Magyarorsz\u00e1gon, amelynek \u0151k r\u00e9szesei a demokratikus Egyes\u00fclt \u00c1llamokban. Az amerikai magyarok kimondott\u00e1k, hogy a magyar n\u00e9pet \u00e9rettnek tartj\u00e1k mindazokra a szabads\u00e1gjogokra, amelyeknek \u0151k Amerik\u00e1ban r\u00e9g\u00f3ta \u00e9lvezet\u00e9ben vannak. (\u2026) Az amerikai magyarok teljes szabads\u00e1got k\u00f6vetelnek a k\u00f6zt\u00e1rsas\u00e1gi propagand\u00e1nak, hogy ne vess\u00e9k b\u00f6rt\u00f6nbe a Kossuth Lajos k\u00f6vetelte k\u00f6zt\u00e1rsas\u00e1gi \u00e1llamform\u00e1nak h\u00edveit.\u201d<\/em><a href=\"#_ftn61\">[61]<\/a><\/p>\n\n\n\n<p>Szint\u00e9n fontos d\u00f6nt\u00e9s volt, hogy a nemzetgy\u0171l\u00e9s l\u00e9trehozott egy \u00fagynevezett erny\u0151szervezetet az amerikai magyars\u00e1g k\u00e9pviselet\u00e9re. Ez a szervezet az Amerikai Magyarok Orsz\u00e1gos Sz\u00f6vets\u00e9ge (AMOSz) nevet kapta.<\/p>\n\n\n\n<p>Az AMOSz l\u00e9trej\u00f6tt\u00e9t az\u00e9rt tekintett\u00e9k rendk\u00edv\u00fcl fontosnak, mert m\u00edg kor\u00e1bban p\u00e1r tucat ember pr\u00f3b\u00e1lt meg szervezeteket l\u00e9trehozni, addig ebben az esetben \u2013 v\u00e9lem\u00e9ny\u00fck szerint \u2013 az amerikai magyarok nagyj\u00e1b\u00f3l kilencven sz\u00e1zal\u00e9k\u00e1t k\u00e9pvisel\u0151 deleg\u00e1tusok sora hozta l\u00e9tre az \u00faj orsz\u00e1gos sz\u00f6vets\u00e9get. Ezzel egy id\u0151ben megsz\u0171ntnek tekintett\u00e9k a Tengerent\u00fali Magyarok Orsz\u00e1gos Sz\u00f6vets\u00e9g\u00e9t, s annak jogut\u00f3dj\u00e1nak az AMOSz-t tekintett\u00e9k. A szervezet kilenctag\u00fa vezet\u00e9st kapott, melynek tagjai k\u00fcl\u00f6n-k\u00fcl\u00f6n \u00e9s egys\u00e9gesen is feleltek az amerikai magyarok minden megmozdul\u00e1s\u00e1\u00e9rt.<\/p>\n\n\n\n<p>A vezet\u0151 tan\u00e1cs tagjai voltak:<\/p>\n\n\n\n<ul class=\"wp-block-list\"><li>A katolikus egyh\u00e1z k\u00e9pviselet\u00e9ben: Dr. Mosonyi Lip\u00f3t<a href=\"#_ftn62\">[62]<\/a><\/li><li>Protest\u00e1ns egyh\u00e1zak k\u00e9pviselet\u00e9ben: Csutortos Elek<a href=\"#_ftn63\">[63]<\/a> \/ Ormay J\u00e1nos \/ Orosz Istv\u00e1n (\u00e9ves v\u00e1lt\u00e1sban)<\/li><li>Az amerikai magyar egyletek k\u00e9pviselet\u00e9ben: K\u00f6v\u00e9r S\u00e1ndor (ideiglenesen)<\/li><li>Az amerikai magyar sajt\u00f3 k\u00e9pviselet\u00e9ben: Dr. Cserna Endre<\/li><li>K\u00fcl\u00f6n megb\u00edz\u00e1ssal tagok m\u00e9g: J\u00f3sika-Herczeg Imre<a href=\"#_ftn64\">[64]<\/a>, Tarn\u00f3czky \u00c1rp\u00e1d, E\u00f6rd\u00f6gh Elem\u00e9r, Dezs\u0151 J\u00e1nos<a href=\"#_ftn65\">[65]<\/a><\/li><\/ul>\n\n\n\n<p>A nemzetgy\u0171l\u00e9s kultur\u00e1lis \u00fcgyekben is t\u00e1rgyalt, s azt a d\u00f6nt\u00e9st hozta, hogy l\u00e9trehoz egy 25 tag\u00fa kultur\u00e1lis biztoss\u00e1got, amelynek feladata, hogy az amerikai magyar kult\u00far\u00e1t ir\u00e1ny\u00edtsa:<\/p>\n\n\n\n<p><em>\u201eArra kell t\u00f6rekedni, hogy az amerikai magyars\u00e1g els\u0151rend\u0171 sz\u00ednt\u00e1rsulat fenntart\u00e1s\u00e1t tegye lehet\u0151v\u00e9. A magyar sajt\u00f3nak \u00e9s a sz\u00f6vets\u00e9gnek meg kell adni a lehet\u0151s\u00e9get, hogy az anyagi egzisztenci\u00e1t biztos\u00edts\u00e1k a sz\u00ednt\u00e1rsulatoknak. a sz\u00ednigazgat\u00f3k pedig a t\u00e1mogat\u00e1s ellen\u00e9ben \u00e9vente legal\u00e1bb egy irredenta, vagy hazafias sz\u00edvdarabot k\u00f6telesek el\u0151adni.\u201d<\/em><a href=\"#_ftn66\">[66]<\/a><\/p>\n\n\n\n<p>A gy\u0171l\u00e9s v\u00e9g\u00fcl \u00faj szlogent, mondhatni jelsz\u00f3t v\u00e1lasztott, amelyet a k\u00e9s\u0151bbiekben minden magyar t\u00e9m\u00e1val kapcsolatosan haszn\u00e1lni k\u00edv\u00e1ntak: \u201eIgazs\u00e1got Magyarorsz\u00e1gnak! B\u00e9k\u00e9t a vil\u00e1gnak!\u201d<\/p>\n\n\n\n<p><strong>A Nemzetgy\u0171l\u00e9s ut\u00f3\u00e9lete<\/strong><\/p>\n\n\n\n<p>A Nemzetgy\u0171l\u00e9s az 1920-as \u00e9vek v\u00e9g\u00e9nek nagy esem\u00e9nye volt, viszont ma m\u00e1r meg\u00e1llap\u00edthat\u00f3, hogy nem lett bel\u0151le folyamat, gyakorlatilag egyszeri fell\u00e1ngol\u00e1s lett. Lez\u00e1r\u00e1sakor sok biztat\u00f3 jel volt. L\u00e9trej\u00f6tt az AMOSz. Detroit polg\u00e1rmestere megh\u00edvta a magyars\u00e1got, hogy a h\u00e1rom \u00e9v m\u00falva megtartand\u00f3 k\u00f6vetkez\u0151 nemzetgy\u0171l\u00e9st ott tarts\u00e1k. Igaz, ez a tal\u00e1lkoz\u00f3 soha sem val\u00f3sult meg. A sajt\u00f3ban a tal\u00e1lkoz\u00f3 h\u00edre egy\u00e9rtelm\u0171en pozit\u00edv volt.<\/p>\n\n\n\n<p>A tal\u00e1lkoz\u00f3 siker\u00e9n felbuzdulva Budapest v\u00e1rosa elhat\u00e1rozta, hogy 1929-ben megrendezik a magyarok vil\u00e1gtal\u00e1lkoz\u00f3j\u00e1t.<a href=\"#_ftn67\">[67]<\/a> Erre a vil\u00e1g 24 orsz\u00e1g\u00e1nak nyolcvan magyar szervezete k\u00fcldte el k\u00e9pvisel\u0151it. Az amerikai magyars\u00e1g nagyj\u00e1b\u00f3l f\u00e9lsz\u00e1z int\u00e9zm\u00e9ny\u00e9t k\u00e9pviselte, 128 k\u00fcld\u00f6ttel. Az elmondhat\u00f3, hogy az augusztus 22-24-e k\u00f6z\u00f6tt \u00fcl\u00e9sez\u0151 kongresszus fordul\u00f3pontot jelentett az \u00f3haza \u00e9s a k\u00fclhoni magyarok k\u00f6z\u00f6tti kapcsolatok fejl\u0151d\u00e9s\u00e9ben, mivel ekkor hozt\u00e1k l\u00e9tre a Magyarok Vil\u00e1gkongresszusa \u00c1lland\u00f3 Szervezeti Irod\u00e1j\u00e1t, amelynek f\u0151 feladata a m\u00e1sodik vil\u00e1gkongresszus el\u0151k\u00e9sz\u00edt\u00e9se (melyet v\u00e9g\u00fcl 1938-ban rendeztek meg) \u00e9s a Magyarok Vil\u00e1gsz\u00f6vets\u00e9g\u00e9nek (MVSZ) l\u00e9trehoz\u00e1sa volt.<\/p>\n\n\n\n<p>M\u00e1sik oldalr\u00f3l viszont elmondhat\u00f3, hogy a nemzetgy\u0171l\u00e9sen meghozott d\u00f6nt\u00e9sek nagy r\u00e9sze szalmal\u00e1ng \u00e9let\u0171nek bizonyult. A sajt\u00f3ban m\u00e1r 1930-ban arr\u00f3l panaszkodtak, hogy az AMOSz szervezete \u00e9letk\u00e9ptelen, gyakorlatilag m\u00e1r akkor sem m\u0171k\u00f6d\u00f6tt.<a href=\"#_ftn68\">[68]<\/a><\/p>\n\n\n\n<p>Sajnos egy\u00e9rtelm\u0171en kimondhat\u00f3, hogy a nemzetgy\u0171l\u00e9sen a sokszor \u201elegy\u0151z\u00f6ttnek\u201d tekintett \u201etur\u00e1ni \u00e1tkot\u201d v\u00e9g\u00fcl m\u00e9gsem siker\u00fclt legy\u0151zni, s az a szemben\u00e1ll\u00e1s, amely amerikai magyars\u00e1g k\u00e9t p\u00f3lusa, a \u201enemzeti emigr\u00e1ci\u00f3\u201d \u00e9s a \u201eliber\u00e1lis-szocialista baloldal\u201d k\u00f6z\u00f6tt m\u00e1r ekkor is fenn\u00e1llt, a k\u00e9s\u0151bbiekben is er\u0151sen hatott, s ezen gyakorlatilag csak ennek a gener\u00e1ci\u00f3nak a kihal\u00e1sa \u201eseg\u00edtett\u201d. Mindenesetre a magyarok Buffalo-i nemzetgy\u0171l\u00e9se nagyon j\u00f3 kezdem\u00e9nyez\u00e9s volt, k\u00e1r, hogy ennek haszn\u00e1t az ut\u00f3kor nem tudta kiakn\u00e1zni, eredm\u00e9nyeit felhaszn\u00e1lni.<\/p>\n\n\n\n<hr class=\"wp-block-separator\"\/>\n\n\n\n<p><a href=\"#_ftnref1\">[1]<\/a> A letelepedett magyarok sz\u00e1ma nem egyenl\u0151 a ki\u00e9rkezett magyarok sz\u00e1m\u00e1val, erre dolgozatom k\u00e9s\u0151bbi r\u00e9sz\u00e9ben kit\u00e9rek.<\/p>\n\n\n\n<p><a href=\"#_ftnref2\">[2]<\/a> <em>Ady Endre:<\/em> Jegyzetek a napr\u00f3l. H\u00e1romsz\u00e9k. 1999. febru\u00e1r. 4.<\/p>\n\n\n\n<p><a href=\"#_ftnref3\">[3]<\/a> <em>Dud\u00e1s R\u00f3bert Gyula:<\/em> Magyar katolikus papi sorsok \u00c9szak-Amerik\u00e1ban. Adal\u00e9kok az amerikai magyar katolikus pasztor\u00e1ci\u00f3hoz, p\u00e1lyam\u0171, Orsz\u00e1gos Tudom\u00e1nyos Di\u00e1kk\u00f6ri Konferencia Hum\u00e1n Tudom\u00e1nyi Szekci\u00f3, Amerikai kult\u00fara \u00e9s t\u00f6rt\u00e9nelem tagozat. Budapest. E\u00f6tv\u00f6s Lor\u00e1nd Tudom\u00e1nyegyetem. 2019.<\/p>\n\n\n\n<p><a href=\"#_ftnref4\">[4]<\/a> Val\u00f3j\u00e1ban a b\u00e9keszerz\u0151d\u00e9s \u2013 magyar r\u00e9szr\u0151l \u2013 1921. j\u00fanius 26-\u00e1n l\u00e9pett hat\u00e1lyba, amikor kihirdet\u00e9sre ker\u00fclt az \u201e1921. \u00e9vi XXXIII. t\u00f6rv\u00e9nycikk az \u00c9szak-Amerikai Egyes\u00fclt \u00c1llamokkal, a Brit Birodalommal, Franciaorsz\u00e1ggal, Olaszorsz\u00e1ggal \u00e9s Jap\u00e1nnal, tov\u00e1bb\u00e1 Belgiummal, K\u00edn\u00e1val, Kub\u00e1val, G\u00f6r\u00f6gorsz\u00e1ggal, Nikaragu\u00e1val, Panam\u00e1val, Lengyelorsz\u00e1ggal, Portug\u00e1li\u00e1val, Rom\u00e1ni\u00e1val, a Szerb-Horv\u00e1t-Szlov\u00e9n \u00c1llammal, Szi\u00e1mmal \u00e9s Cseh-Szlov\u00e1k orsz\u00e1ggal 1920. \u00e9vi j\u00fanius h\u00f3 4. napj\u00e1n a Trianonban k\u00f6t\u00f6tt b\u00e9keszerz\u0151d\u00e9s becikkelyez\u00e9s\u00e9r\u0151l\u201d t\u00f6rv\u00e9ny, \u00edgy az \u00e1llampolg\u00e1rs\u00e1g k\u00e9rd\u00e9s\u00e9ben ez a d\u00e1tum relev\u00e1ns.<\/p>\n\n\n\n<p><a href=\"#_ftnref5\">[5]<\/a> <em>Ugr\u00f3czky M\u00e1ria<\/em>: Megtal\u00e1lt magyar \u00e1llampolg\u00e1rok. (<a href=\"http:\/\/acta.bibl.u-szeged.hu\/45299\/1\/juridpol_078_550-576.pdf\">http:\/\/acta.bibl.u-szeged.hu\/45299\/1\/juridpol_078_550-576.pdf<\/a>, let\u00f6lt\u00e9s: 2019. j\u00fal. 23.)<\/p>\n\n\n\n<p><a href=\"#_ftnref6\">[6]<\/a> v\u00f6.: Vitagy\u0171l\u00e9s a rev\u00edzi\u00f3r\u00f3l. A Munk\u00e1s, &nbsp;A Szocialista Munk\u00e1sp\u00e1rt hivatalos lapja. New York, NY. 1929. november 2. 1,4.<\/p>\n\n\n\n<p><a href=\"#_ftnref7\">[7]<\/a> \u201eA buffaloi \u201cnemzetgy\u0171l\u00e9s\u201d elhalaszt\u00e1s\u00e1t k\u00e9rte egy tucat pap azon a cimen, hogy \u0151k is szeretn\u00e9nek arra elmenni, de a b\u00f6jti \u00e1j tatoss\u00e1gok ideje alatt nem \u00e9rnek r\u00e1. \u00c1ll\u00edt\u00f3lag az\u00e9rt lett elhalasztva a gy\u0171l\u00e9s m\u00e1jusra, mert alkalmat akarnak adni a papoknak is elmenni oda. Teh\u00e1t m\u00e1jusban m\u00e1r r\u00e1\u00e9rnek a papok papolni a rev\u00edzi\u00f3s mozgalom \u201cszent\u201d c\u00e9ljair\u00f3l. (\u2026)<\/p>\n\n\n\n<p>Ha a papok betartj\u00e1k \u00edg\u00e9ret\u00fcket \u00e9s megjelennek Buffaloban, akkor most m\u00e9g csak az volna h\u00e1tra, hogy az a bizonyos amerikai magyars\u00e1g is sz\u00e1nja r\u00e1 mag\u00e1t az elmen\u00e9sre. Az eddigi jelek szerint nem igen t\u00fclekednek, hogy k\u00f6vetei legyenek. Ennek oka bizony\u00e1ra abban rejlik, hogy nekik nagyon mindegy, lesz-e rev\u00edzi\u00f3. Mit tudja az amerikai ac\u00e9lgy\u00e1ri vagy b\u00e1nyamunk\u00e1s, hogy az mit jelent, els\u0151sorban?\u201d \u2013 Szerkeszt\u0151i Jegyzetek. A Munk\u00e1s, A Szocialista Munk\u00e1sp\u00e1rt hivatalos lapja. New York, NY. 1929. m\u00e1rcius 3. 2.<\/p>\n\n\n\n<p><a href=\"#_ftnref8\">[8]<\/a> Thomas Woodrow Wilson (Staunton, Virginia, 1856. december 28. \u2013 Washington DC, 1924. febru\u00e1r 3.) az Amerikai Egyes\u00fclt \u00c1llamok 28. eln\u00f6ke 1913-1921 k\u00f6z\u00f6tt.<\/p>\n\n\n\n<p><a href=\"#_ftnref9\">[9]<\/a> Wilson eln\u00f6k 14 pontja, <a href=\"https:\/\/multunk-portal.hu\/html\/egy_tort_kronol\/1918.januar8.html\">https:\/\/multunk-portal.hu\/html\/egy_tort_kronol\/1918.januar8.html<\/a>, (a let\u00f6lt\u00e9s d\u00e1tuma: 2019. j\u00falius 23.)<\/p>\n\n\n\n<p><a href=\"#_ftnref10\">[10]<\/a> v\u00f6.: <em>Giant Tibor<\/em>: A 14 pont t\u00f6rt\u00e9nete \u00e9s m\u00edtosza. (<a href=\"http:\/\/www.ieas.unideb.hu\/admin\/file_3415.pdf\">www.ieas.unideb.hu\/admin\/file_3415.pdf<\/a>, let\u00f6lt\u00e9s: 2019. j\u00fal. 23.)<\/p>\n\n\n\n<p><a href=\"#_ftnref11\">[11]<\/a> <em>Giant Tibor:<\/em> Kett\u0151s t\u00fck\u00f6rben: Magyarorsz\u00e1g helye az amerikai k\u00f6zv\u00e9lem\u00e9nyben \u00e9s k\u00fclpolitik\u00e1ban az els\u0151 vil\u00e1gh\u00e1bor\u00fa idej\u00e9n. Debrecen. 2008. 193.<\/p>\n\n\n\n<p><a href=\"#_ftnref12\">[12]<\/a> <em>Giant T.:<\/em> Kett\u0151s i.m. 87-88.<\/p>\n\n\n\n<p><a href=\"#_ftnref13\">[13]<\/a> <em>K\u00f3sa K\u00e1roly:<\/em> \u00d6tsz\u00e1z Kolombusz. (<a href=\"http:\/\/www.kosakaroly.hu\/irasok\/zarandok\/kossuth.html\">http:\/\/www.kosakaroly.hu\/irasok\/zarandok\/kossuth.html<\/a>, let\u00f6lt\u00e9s: 2019. j\u00fal. 23.)<\/p>\n\n\n\n<p><a href=\"#_ftnref14\">[14]<\/a> James Monroe (Colonial Beach, Virginia k\u00f6zel\u00e9ben, 1758. \u00e1prilis 28. \u2013 New York, NY, 1831. j\u00falius 4.) az Amerikai Egyes\u00fclt \u00c1llamok 5. eln\u00f6ke 1817 \u00e9s 1825 k\u00f6z\u00f6tt, az Alap\u00edt\u00f3 aty\u00e1k \u00e9s a \u201evirginiai dinasztia\u201d utols\u00f3 tagja.<\/p>\n\n\n\n<p><a href=\"#_ftnref15\">[15]<\/a> \u201eAz eur\u00f3pai hatalmak h\u00e1bor\u00faiban, melyek az \u0151 bels\u0151 \u00fcgyeik voltak, sohasem vett\u00fcnk r\u00e9szt, sem azok politik\u00e1nkat k\u00f6zelebbr\u0151l nem \u00e9rintik. Csak akkor utas\u00edtjuk vissza a s\u00e9relmeket vagy k\u00e9sz\u00fcl\u00fcnk v\u00e9delemre, ha jogainkat megt\u00e1madj\u00e1k vagy komolyan fenyegetik. F\u00e9ltek\u00e9nk mozgalmaiban m\u00e1r ilyen okokn\u00e1l fogva is k\u00f6zvetlenebb\u00fcl vagyunk \u00e9rdekelve, melyek minden felvil\u00e1gosodott \u00e9s r\u00e9szrehajlatlan szeml\u00e9l\u0151nek szem\u00e9be t\u0171nnek. A sz\u00f6vets\u00e9ges hatalmak politikai rendszere l\u00e9nyegesen k\u00fcl\u00f6nb\u00f6zik az amerikait\u00f3l. E k\u00fcl\u00f6nbs\u00e9g a korm\u00e1nyok k\u00fcl\u00f6nb\u00f6z\u00e9s\u00e9b\u0151l veszi eredet\u00e9t, \u00e9s a mi\u00e9nk v\u00e9delm\u00e9n, melyet oly sok v\u00e9r \u00e9s kincs elveszt\u00e9se \u00e1r\u00e1n \u00e9s felvil\u00e1gosodott polg\u00e1rainak b\u00f6lcsess\u00e9g\u00e9vel alkottunk meg, \u00e9s mely alatt p\u00e9ld\u00e1tlan boldogs\u00e1got \u00e9lvezt\u00fcnk, odaad\u00f3an cs\u00fcgg az eg\u00e9sz nemzet. Mi teh\u00e1t az Egyes\u00fclt \u00c1llamok \u00e9s azon hatalmak k\u00f6zt fenn\u00e1ll\u00f3 bar\u00e1ti viszonyt illet\u0151leg kijelentj\u00fck, hogy b\u00e9k\u00e9nkre \u00e9s biztons\u00e1gunkra veszedelmesnek tartunk minden k\u00eds\u00e9rletet az \u0151 r\u00e9sz\u00fckr\u0151l rendszereiknek e f\u00e9lg\u00f6mb b\u00e1rmely r\u00e9sz\u00e9re val\u00f3 kiterjeszt\u00e9se ir\u00e1nt.\u201d <em>Lackenbacher Annam\u00e1ria:<\/em> A Monroe-doktr\u00edna m\u00e1sf\u00e9l \u00e9vsz\u00e1zada \u2013 I. r\u00e9sz. (<a href=\"http:\/\/ujkor.hu\/content\/a-monroe-doktrina-masfel-evszazada-i-resz\">http:\/\/ujkor.hu\/content\/a-monroe-doktrina-masfel-evszazada-i-resz<\/a>. let\u00f6lt\u00e9s: 2019. j\u00fal. 23.)<\/p>\n\n\n\n<p><a href=\"#_ftnref16\">[16]<\/a> 1921. \u00e9vi XLVIII t\u00f6rv\u00e9nycikk az Amerikai Egyes\u00fclt \u00c1llamokkal 1921. \u00e9vi augusztus h\u00f3 29. napj\u00e1n, Budapesten k\u00f6t\u00f6tt b\u00e9keszerz\u0151d\u00e9s becikkelyez\u00e9s\u00e9r\u0151l.<\/p>\n\n\n\n<p><a href=\"#_ftnref17\">[17]<\/a> <em>Mathey \u00c9va:<\/em> Az amerikai korm\u00e1nyzati k\u00f6r\u00f6k \u00e9s a magyar rev\u00edzi\u00f3 k\u00e9rd\u00e9se a k\u00e9t vil\u00e1gh\u00e1bor\u00fa k\u00f6z\u00f6tt, Aetas, 29. \u00e9vf. (2014) 3. sz\u00e1m, 109-126.<\/p>\n\n\n\n<p><a href=\"#_ftnref18\">[18]<\/a> Lord Rothermere, sz\u00fcletett Sidney Harold Harmsworth (Dublin, 1868. \u00e1prilis 26. \u2013 Bermuda, 1940. november 26.) Rothermere els\u0151 vikomtja, brit sajt\u00f3m\u00e1gn\u00e1s \u00e9s politikus, az Associated Newpapers Limited tulajdonosa.<\/p>\n\n\n\n<p><a href=\"#_ftnref19\">[19]<\/a> v\u00f6.: <em>Mark\u00f3 Jen\u0151:<\/em> A Nemzetek sz\u00f6vets\u00e9ge \u00e9s a magyar-rom\u00e1n opt\u00e1ns per. Budapest. 1928.<\/p>\n\n\n\n<p><a href=\"#_ftnref20\">[20]<\/a> <em>Tarj\u00e1n M. Tam\u00e1s:<\/em> \u201eMagyarorsz\u00e1g helye a nap alatt\u201d \u2013 Lord Rothermere cikke a rev\u00edzi\u00f3r\u00f3l. (<a href=\"http:\/\/www.rubicon.hu\/magyar\/oldalak\/1927_junius_21_magyarorszag_helye_a_nap_alatt_lord_rothermere_cikke_a_reviziorol\/\">http:\/\/www.rubicon.hu\/magyar\/oldalak\/1927_junius_21_magyarorszag_helye_a_nap_alatt_lord_rothermere_cikke_a_reviziorol\/<\/a>. let\u00f6lt\u00e9s: 2019. j\u00fal. 24.)<\/p>\n\n\n\n<p><a href=\"#_ftnref21\">[21]<\/a> Term\u00e9szetesen ez al\u00f3l a bal oldali lapok kiv\u00e9telek voltak, amelyek el\u00e9g szkeptikusan \u00e1lltak a k\u00e9rd\u00e9shez, s meglep\u0151 m\u00f3don a kereszt\u00e9nys\u00e9g oldal\u00e1r\u00f3l k\u00f6zel\u00edtett\u00e9k meg a t\u00e9m\u00e1t: \u201eA N\u00e9pszava D\u00e1vidja t\u00f6bbsz\u00f6ri eredm\u00e9nytelen felsz\u00f3l\u00edt\u00e1s ut\u00e1n most m\u00e1r vez\u00e9rcikkben sz\u00f3l\u00edtja fel Amerika magyars\u00e1g\u00e1t, hogy a magyar hat\u00e1rok vissza\u00e1ll\u00edt\u00e1sa \u00e9rdek\u00e9ben Lord Rothermere angol \u00fajs\u00e1g\u00edr\u00f3 \u00e1ltal irt cikk hat\u00e1sa alatt mozduljon meg \u00e9s teljes\u00edtse sz\u00fcl\u0151haz\u00e1j\u00e1val szembeni k\u00f6teless\u00e9g\u00e9t. A k\u00f6teless\u00e9gteljesit\u00e9snek abban kell kimer\u00fclni, hogy az amerikaiak figyelm\u00e9t fel kell h\u00edvni arra, hogy Magyarorsz\u00e1g a kereszt\u00e9nys\u00e9g v\u00e9delmez\u0151je \u00e9s a legut\u00f3bbi vil\u00e1gh\u00e1bor\u00fa alatt is Krisztus\u00e9rt verekedett. Ez\u00e9rt az amerikaiak a magyarokkal egy\u00fctt k\u00f6vetelj\u00e9k a trianoni szerz\u0151d\u00e9s megv\u00e1ltoztat\u00e1s\u00e1t \u00e9s az elrabolt magyar ter\u00fcletek visszaad\u00e1s\u00e1t.\u201d &#8211; A Munk\u00e1s, 1927. j\u00falius 23., 2.<\/p>\n\n\n\n<p><a href=\"#_ftnref22\">[22]<\/a> Edvard Bene\u0161 (Ko\u017elany, 1884. m\u00e1jus 28. \u2013 Sezimovo \u00dast\u00ed, 1948. szeptember 3.) cseh politikus, Csehszlov\u00e1kia k\u00fcl\u00fcgyminisztere 1918\u20131935 k\u00f6z\u00f6tt, k\u00f6zben minisztereln\u00f6ke 1921\u20131922 k\u00f6z\u00f6tt, majd eln\u00f6ke 1935\u20131948 k\u00f6z\u00f6tt (1939\u20131945 k\u00f6z\u00f6tt emigr\u00e1ci\u00f3ban). Er\u0151sen magyarellenes politik\u00e1t folytatott.<\/p>\n\n\n\n<p><a href=\"#_ftnref23\">[23]<\/a> Friss h\u00edrek, Friss \u00fajs\u00e1g, 1927. j\u00fanius 28. 4.<\/p>\n\n\n\n<p><a href=\"#_ftnref24\">[24]<\/a> Daily Mail: Alfred Harmsworth (k\u00e9s\u0151bbi Lord Northcliffe) \u00e9s testv\u00e9re Harold (k\u00e9s\u0151bbi Lord Rothermere) \u00e1ltal alap\u00edtott angol \u00fajs\u00e1g. Napjainkban is t\u00f6bb mint m\u00e1sf\u00e9l milli\u00f3 p\u00e9ld\u00e1nyban jelenik meg. Az \u00fajs\u00e1g az 1920\u20131930-as \u00e9vekben a magyar rev\u00edzi\u00f3 mellett foglalt \u00e1ll\u00e1st.<\/p>\n\n\n\n<p><a href=\"#_ftnref25\">[25]<\/a> Trianon megv\u00e1lt\u00e1sa, Friss \u00fajs\u00e1g, 1927. j\u00fanius 22., 1.<\/p>\n\n\n\n<p><a href=\"#_ftnref26\">[26]<\/a> \u201e(\u2026) az\u00f3ta ez a nagysz\u00edv\u0171 ember k\u00f6zel k\u00e9t \u00e9v alatt egymaga t\u00f6bbet tett Magyarorsz\u00e1g igazs\u00e1ga \u00e9rdek\u00e9ben, mint az eg\u00e9sz vil\u00e1g egy\u00fctt v\u00e9ve. Lord Rothermerrel szemben \u00e9p az\u00e9rt egyetlen j\u00f3 magyar ember sem lehet h\u00e1l\u00e1tlan.\u201d &#8211; &nbsp;Rev. E\u00f6rd\u00f6gh Elem\u00e9r el\u0151ad\u00e1sa a Buffaloi Nemzetgy\u0171l\u00e9sen (1929 m\u00e1jus h\u00f3 29-\u00e9n) a rev\u00edzi\u00f3 \u00fcgy\u00e9ben. Cleveland, OH. 1929. 6.<\/p>\n\n\n\n<p><a href=\"#_ftnref27\">[27]<\/a> Nemzeti \u00dajs\u00e1g: Politikai napilap, amely 1919 \u00e9s 1944 k\u00f6z\u00f6tt jelent meg, eredetileg a K\u00f6zponti Sajt\u00f3v\u00e1llalat reggeli lapjak\u00e9nt. Felfog\u00e1s\u00e1ban a konzervat\u00edv kereszt\u00e9ny-nemzeti eszm\u00e9ket hirdette. Szerkeszt\u0151je Turi B\u00e9la, majd k\u00e9s\u0151bb T\u00f3th L\u00e1szl\u00f3 volt.<\/p>\n\n\n\n<p><a href=\"#_ftnref28\">[28]<\/a> Szabads\u00e1g: Cleveland, OH-ban jelent meg 1906-1948 k\u00f6z\u00f6tt. Szerkeszt\u0151je Koh\u00e1nyi Tiham\u00e9r volt. Els\u0151dlegesen konzervat\u00edv be\u00e1ll\u00edtotts\u00e1g\u00fa hetilap volt. 1948-ban egyes\u00fclt az Amerikai Magyar N\u00e9pszav\u00e1val.<\/p>\n\n\n\n<p><a href=\"#_ftnref29\">[29]<\/a> Amerikai Magyar N\u00e9pszava: 1899-ben New Yorkban alap\u00edtott magyar hetilap, els\u0151sorban szoci\u00e1ldemokrata be\u00e1ll\u00edtotts\u00e1g\u00fa. 1948-ban egyes\u00fclt kor\u00e1bbi nagy ellenfel\u00e9vel a Cleveland, OH-ban megjelen\u0151 Szabads\u00e1g c. hetilappal. Napjainkban is megjelenik.<\/p>\n\n\n\n<p><a href=\"#_ftnref30\">[30]<\/a> Dr. Cserna Endre (?, 1882 \u2013 New York, NY, 1929. szeptember) ezredes, a Szabads\u00e1g szerkeszt\u0151je.<\/p>\n\n\n\n<p><a href=\"#_ftnref31\">[31]<\/a> v\u00f6.: A buffal\u00f3i magyar nemzetgy\u0171l\u00e9s. Pesti Napl\u00f3. 1929. j\u00fanius 5. 3.<\/p>\n\n\n\n<p><a href=\"#_ftnref32\">[32]<\/a> Maksymilian W\u0119grzynek (Rudnik nad Sanem, Galicia, 1892. \u2013 New York, NY, 1944. november 8.) lengyel sz\u00e1rmaz\u00e1s\u00fa lapkiad\u00f3<\/p>\n\n\n\n<p><a href=\"#_ftnref33\">[33]<\/a> <em>Szab\u00f3 Alajos:<\/em> A buffaloi magyar nemzetgy\u0171l\u00e9s egyhang\u00fa lelkesed\u00e9ssel foglalt \u00e1ll\u00e1st a revizi\u00f3 mellett. Nemzeti \u00dajs\u00e1g. 1926. j\u00fanius 26. 2.<\/p>\n\n\n\n<p><a href=\"#_ftnref34\">[34]<\/a> <em>Kerendi S\u00e1ndor:<\/em> A buffal\u00f3i nemzetgy\u0171l\u00e9sen az amerikai magyars\u00e1g kilencven sz\u00e1zal\u00e9ka r\u00e9szt vesz. Az Est. 1929. m\u00e1jus 19. 16.<\/p>\n\n\n\n<p><a href=\"#_ftnref35\">[35]<\/a> Tarn\u00f3czy \u00c1rp\u00e1d (Tarn\u00f3c, 1884. szeptember 21. \u2013 Akron, OH, 1957. j\u00fanius 24.) amerikai, magyar sz\u00e1rmaz\u00e1s\u00fa \u00edr\u00f3, \u00fajs\u00e1g\u00edr\u00f3<\/p>\n\n\n\n<p><a href=\"#_ftnref36\">[36]<\/a> A Magyarok Vil\u00e1gkongresszus\u00e1nak t\u00e1rgyal\u00e1sai Budapesten 1929. augusztus 22-24. Szerk. Krisztics S\u00e1ndor. Bp. 1930. 330.<\/p>\n\n\n\n<p><a href=\"#_ftnref37\">[37]<\/a> M\u00c1T\u00c9:26p.<\/p>\n\n\n\n<p><a href=\"#_ftnref38\">[38]<\/a> Herbert Clark Hoover (West Branch, Iowa, 1874. augusztus 10. \u2013 New York, 1964. okt\u00f3ber 20.) az Amerikai Egyes\u00fclt \u00c1llamok 31. eln\u00f6ke, 1929\u20131933 k\u00f6z\u00f6tt, nev\u00e9t viseli az Arizona-Nevada hat\u00e1r\u00e1n tal\u00e1lhat\u00f3 Hoover-g\u00e1t.<\/p>\n\n\n\n<p><a href=\"#_ftnref39\">[39]<\/a> A rev\u00edzi\u00f3 r\u00e9sze lett az amerikai politik\u00e1ban. Az Est. 1929. j\u00fanius 18. 1.<\/p>\n\n\n\n<p><a href=\"#_ftnref40\">[40]<\/a> uo.<\/p>\n\n\n\n<p><a href=\"#_ftnref41\">[41]<\/a> Ramsay MacDonald (<a href=\"https:\/\/en.wikipedia.org\/wiki\/Lossiemouth\">Lossiemouth<\/a>, 1886. okt\u00f3ber 12. \u2013 meghalt az Atlanti \u00f3ce\u00e1non, a MV Reina del Pacifico fed\u00e9lzet\u00e9n, 1937. november 9.) angol minisztereln\u00f6k 1924-ben, valamint 1929\u20131935 k\u00f6z\u00f6tt.<\/p>\n\n\n\n<p><a href=\"#_ftnref42\">[42]<\/a> A rev\u00edzi\u00f3 r\u00e9sze lett az amerikai politik\u00e1ban. Az Est. 1929. j\u00fanius 18. 2.<\/p>\n\n\n\n<p><a href=\"#_ftnref43\">[43]<\/a> E\u00f6rd\u00f6gh Elem\u00e9r (Kassa, 1875. j\u00falius 4., Toledo, OH, 1955. \u00e1prilis 6.) prel\u00e1tus, eredetileg kalocsai egyh\u00e1zmegy\u00e9s \u00e1ldoz\u00f3pap, az amerikai magyar katolikuss\u00e1g egyik vezet\u0151 papja, t\u00f6bb \u00e9vtizeden kereszt\u00fcl Toledo, OH magyar pl\u00e9b\u00e1nosa.<\/p>\n\n\n\n<p><a href=\"#_ftnref44\">[44]<\/a> <em>E\u00f6rd\u00f6gh Elem\u00e9r:<\/em> Rev. E\u00f6rd\u00f6gh Elem\u00e9r el\u0151ad\u00e1sa a Buffaloi Nemzetgy\u0171l\u00e9sen (1929 m\u00e1jus h\u00f3 29-\u00e9n) a rev\u00edzi\u00f3 \u00fcgy\u00e9ben., Szabads\u00e1g, Cleveland, OH, 1929. 1.<\/p>\n\n\n\n<p><a href=\"#_ftnref45\">[45]<\/a> Uo.<\/p>\n\n\n\n<p><a href=\"#_ftnref46\">[46]<\/a> <em>E\u00f6rd\u00f6gh E.: <\/em>i.m. 8.<\/p>\n\n\n\n<p><a href=\"#_ftnref47\">[47]<\/a> <em>E\u00f6rd\u00f6gh E.:<\/em> i.m. 13.<\/p>\n\n\n\n<p><a href=\"#_ftnref48\">[48]<\/a> Konta S\u00e1ndor (1862\u20131933) magyar sz\u00e1rmaz\u00e1s\u00fa \u00fajs\u00e1g\u00edr\u00f3, milliomos, a kor egyik legbefoly\u00e1sosabb amerikai magyar szem\u00e9lyis\u00e9ge. A vil\u00e1gh\u00e1bor\u00fa alatt \u0151 szervezte meg az amerikai ir\u00e1nti elk\u00f6telezetts\u00e9get tan\u00fas\u00edt\u00f3 Amerikai-Magyar H\u0171s\u00e9g Lig\u00e1t.<\/p>\n\n\n\n<p><a href=\"#_ftnref49\">[49]<\/a> Az Egyes\u00fclt \u00c1llamokban a Kossuth-hagyom\u00e1nyok m\u00e9g ma is \u00e9lnek, Magyarorsz\u00e1g, 1929. j\u00fanius 19. 4.<\/p>\n\n\n\n<p><a href=\"#_ftnref50\">[50]<\/a> Vit\u00e9z j\u00e1kfai G\u00f6mb\u00f6s Gyula (Murga, 1886. december 26. \u2013 M\u00fcnchen, Bajor Szabad\u00e1llam, 1936. okt\u00f3ber 6.), cs\u00e1sz\u00e1ri \u00e9s kir\u00e1lyi (k. u. k.) vez\u00e9rkari tiszt, magyar kir\u00e1lyi szolg\u00e1laton k\u00edv\u00fcli gyalogs\u00e1gi t\u00e1bornok, politikus, orsz\u00e1ggy\u0171l\u00e9si k\u00e9pvisel\u0151, titkos tan\u00e1csos, honv\u00e9delmi miniszter, a Magyar Kir\u00e1lys\u00e1g minisztereln\u00f6ke 1932-t\u0151l hal\u00e1l\u00e1ig.<\/p>\n\n\n\n<p><a href=\"#_ftnref51\">[51]<\/a> A k\u00e9pvisel\u0151h\u00e1z \u00fcl\u00e9se. \u00daj Bar\u00e1zda. 1929. j\u00fanius 19. 2.<\/p>\n\n\n\n<p><a href=\"#_ftnref52\">[52]<\/a> <em>Szab\u00f3 Alajos:<\/em> A buffaloi magyar nemzetgy\u0171l\u00e9s egyhang\u00fa lelkesed\u00e9ssel foglalt \u00e1ll\u00e1st a rev\u00edzi\u00f3 mellett. Nemzeti \u00dajs\u00e1g, 1926. j\u00fanius 26. 2.<\/p>\n\n\n\n<p><a href=\"#_ftnref53\">[53]<\/a> Moln\u00e1r Istv\u00e1n (?\u2013?) az Amerikai Magyar Reform\u00e1tus Egyes\u00fclet titk\u00e1ra, rend\u0151rkapit\u00e1ny.<\/p>\n\n\n\n<p><a href=\"#_ftnref54\">[54]<\/a> Fony\u00f3 Alad\u00e1r (?, 1884. \u2013 ?, 1939) t\u00f6bb magyar lap szerkeszt\u0151je.<\/p>\n\n\n\n<p><a href=\"#_ftnref55\">[55]<\/a> Acz\u00e9l Aur\u00e9l (Kir\u00e1lyhelmec, 1888. m\u00e1jus 22. \u2013 Harrisburg, PA, 1968. okt\u00f3ber 15.)<\/p>\n\n\n\n<p><a href=\"#_ftnref56\">[56]<\/a> v\u00f6.: A magyar nyelv \u00e9s kult\u00fara megtart\u00e1sa. Szerk.: Nagy K\u00e1roly \u2013 Papp L\u00e1szl\u00f3. USA. 1997. A Magyar Nyelv \u00e9s Kult\u00fara Nemzetk\u00f6zi T\u00e1rsas\u00e1ga. Anyanyelvi Konferencia. Budapest, 1998. 21\u201322.<\/p>\n\n\n\n<p><a href=\"#_ftnref57\">[57]<\/a> <em>Smik Csaba Ferenc:<\/em> Valahol otthon lenni. Regio. 2004\/1. 83.<\/p>\n\n\n\n<p><a href=\"#_ftnref58\">[58]<\/a> Az \u00e1llami iskola ingyenes volt.<\/p>\n\n\n\n<p><a href=\"#_ftnref59\">[59]<\/a> V\u00f6.: <em>Fej\u0151s Zolt\u00e1n:<\/em> A tengerent\u00fali magyar egyh\u00e1zak. Regio 1991\/3. 89-105.<\/p>\n\n\n\n<p><a href=\"#_ftnref60\">[60]<\/a> V\u00f6.: <em>T\u00f3th Aur\u00e9l dr.:<\/em> Magyarok milli\u00f3i idegenben. A F\u00f6ldg\u00f6mb, 1934\/5. 184.<\/p>\n\n\n\n<p><a href=\"#_ftnref61\">[61]<\/a> N\u00e9pszava, 1929. j\u00fanius 15., 4.<\/p>\n\n\n\n<p><a href=\"#_ftnref62\">[62]<\/a> Dr. Mosonyi Lip\u00f3t (S\u00fcly, 1886. szeptember 6. \u2013 Derby, NY, 1940. m\u00e1rcius 31.) magyar sz\u00e1rmaz\u00e1s\u00fa amerikai katolikus pl\u00e9b\u00e1nos, ebben az id\u0151ben Buffalo, NY magyar pl\u00e9b\u00e1nosa<\/p>\n\n\n\n<p><a href=\"#_ftnref63\">[63]<\/a> Csutoros Elek (Kismarja, 1865. j\u00falius 12. \u2013 Columbia, SC 1951. november 7.) Cleveland, OH, majd Colombus, OH magyar reform\u00e1tus lelk\u00e9sze<\/p>\n\n\n\n<p><a href=\"#_ftnref64\">[64]<\/a> Josika-Herczeg Imre (1869\u20131935) \u00edr\u00f3, k\u00f6lt\u0151<\/p>\n\n\n\n<p><a href=\"#_ftnref65\">[65]<\/a> Dezs\u0151 J\u00e1nos (?-?) a bridgeport-i betegseg\u00e9lyez\u0151 egylet eln\u00f6ke<\/p>\n\n\n\n<p><a href=\"#_ftnref66\">[66]<\/a> Igazs\u00e1got Magyarorsz\u00e1gnak! B\u00e9k\u00e9t a vil\u00e1gnak!. Pesti Napl\u00f3. 1929. j\u00fanius 18. 10.<\/p>\n\n\n\n<p><a href=\"#_ftnref67\">[67]<\/a> Pesti Napl\u00f3. 1929. j\u00fanius 28. 9.<\/p>\n\n\n\n<p><a href=\"#_ftnref68\">[68]<\/a> <em>V\u00e1rdy B\u00e9la:<\/em> Az amerikai magyars\u00e1g viszonya az \u00f3haz\u00e1hoz a m\u00e1sodik vil\u00e1gh\u00e1bor\u00fa el\u0151tti \u00e9vtizedekben, Kapu. 1994. szeptember. 30.<\/p>\n\n\n\n<p>Eredetileg megjelent: Egyh\u00e1zt\u00f6rt\u00e9neti Szemle XXI\/2 (2020)<\/p>\n\n\n\n<p>Let\u00f6lthet\u0151: <\/p>\n\n\n\n<div class=\"wp-block-file\"><a href=\"https:\/\/dudasrgy.hu\/wp-content\/uploads\/2020\/12\/szemle-20-2-94-111.pdf\">szemle-20-2-94-111<\/a><a href=\"https:\/\/dudasrgy.hu\/wp-content\/uploads\/2020\/12\/szemle-20-2-94-111.pdf\" class=\"wp-block-file__button\" download>Let\u00f6lt\u00e9s<\/a><\/div>\n ","protected":false},"excerpt":{"rendered":"<p>1929-ben az Amerikai Egyes\u00fclt \u00c1llamok magyars\u00e1g\u00e1nak jelent\u0151s r\u00e9sze k\u00e9pvisel\u0151ket k\u00fcld\u00f6tt az \u00e9szak-amerikai Buffalo v\u00e1ros\u00e1ba, az els\u0151 (s val\u00f3j\u00e1ban egyetlen) \u00f6sszmagyar gy\u0171l\u00e9sre, amelyet \u0151k nemzetgy\u0171l\u00e9snek neveztek el. A nemzetgy\u0171l\u00e9s c\u00e9lja amellett, hogy az amerikai bels\u0151 probl\u00e9m\u00e1kat rendezni k\u00edv\u00e1nta, ki\u00e1ll\u00e1s k\u00edv\u00e1nt lenni az anyaorsz\u00e1g mellett, felh\u00edv\u00e1s a trianoni b\u00e9ke igazs\u00e1gtalans\u00e1g\u00e1nak hirdet\u00e9s\u00e9re. K\u00fcl\u00f6n fontos r\u00e9sze dolgozatomnak Lord Rothermere szem\u00e9ly\u00e9nek \u00e9s politik\u00e1j\u00e1nak \u00e1ttekint\u00e9se, azt, hogy hat\u00e1s\u00e1ra milyen val\u00f3s, vagy \u00e1lrem\u00e9nyek mer\u00fcltek fel a magyars\u00e1gban. \u00cdr\u00e1som m\u00e1sodik fel\u00e9ben pedig vizsg\u00e1lom a nemzetgy\u0171l\u00e9s hat\u00e1rozatait, s azt, hogy ezt mennyire tudt\u00e1k \u00e1tvinni a h\u00e9tk\u00f6znapokba, mennyire lett r\u00f6vid, [&hellip;]<\/p>\n","protected":false},"author":2,"featured_media":108,"comment_status":"open","ping_status":"open","sticky":false,"template":"","format":"standard","meta":{"footnotes":""},"categories":[8,13],"tags":[],"class_list":["post-112","post","type-post","status-publish","format-standard","has-post-thumbnail","hentry","category-amerikai-magyar-papsag","category-egyhaztorteneti-szemle","cat-8-id","cat-13-id","has_thumb"],"_links":{"self":[{"href":"https:\/\/dudasrgy.hu\/index.php?rest_route=\/wp\/v2\/posts\/112","targetHints":{"allow":["GET"]}}],"collection":[{"href":"https:\/\/dudasrgy.hu\/index.php?rest_route=\/wp\/v2\/posts"}],"about":[{"href":"https:\/\/dudasrgy.hu\/index.php?rest_route=\/wp\/v2\/types\/post"}],"author":[{"embeddable":true,"href":"https:\/\/dudasrgy.hu\/index.php?rest_route=\/wp\/v2\/users\/2"}],"replies":[{"embeddable":true,"href":"https:\/\/dudasrgy.hu\/index.php?rest_route=%2Fwp%2Fv2%2Fcomments&post=112"}],"version-history":[{"count":1,"href":"https:\/\/dudasrgy.hu\/index.php?rest_route=\/wp\/v2\/posts\/112\/revisions"}],"predecessor-version":[{"id":114,"href":"https:\/\/dudasrgy.hu\/index.php?rest_route=\/wp\/v2\/posts\/112\/revisions\/114"}],"wp:featuredmedia":[{"embeddable":true,"href":"https:\/\/dudasrgy.hu\/index.php?rest_route=\/wp\/v2\/media\/108"}],"wp:attachment":[{"href":"https:\/\/dudasrgy.hu\/index.php?rest_route=%2Fwp%2Fv2%2Fmedia&parent=112"}],"wp:term":[{"taxonomy":"category","embeddable":true,"href":"https:\/\/dudasrgy.hu\/index.php?rest_route=%2Fwp%2Fv2%2Fcategories&post=112"},{"taxonomy":"post_tag","embeddable":true,"href":"https:\/\/dudasrgy.hu\/index.php?rest_route=%2Fwp%2Fv2%2Ftags&post=112"}],"curies":[{"name":"wp","href":"https:\/\/api.w.org\/{rel}","templated":true}]}}