{"id":107,"date":"2020-12-09T08:33:54","date_gmt":"2020-12-09T07:33:54","guid":{"rendered":"http:\/\/dudasrgy.hu\/?p=107"},"modified":"2020-12-09T09:47:15","modified_gmt":"2020-12-09T08:47:15","slug":"a-koronazasi-jelkepek-1978-as-visszaadasanak-kerdesei-az-amerikai-magyar-sajtoban","status":"publish","type":"post","link":"https:\/\/dudasrgy.hu\/?p=107","title":{"rendered":"A koron\u00e1z\u00e1si jelk\u00e9pek 1978-as visszaad\u00e1s\u00e1nak k\u00e9rd\u00e9sei az amerikai magyar sajt\u00f3ban"},"content":{"rendered":"\n<p>Dolgozatom c\u00e9lja, hogy bemutassa azt a pol\u00e9mi\u00e1t, amely a magyar koron\u00e1z\u00e1si \u00e9kszerek az Amerikai Egyes\u00fclt \u00c1llamokb\u00f3l t\u00f6rt\u00e9n\u0151 1978-as visszaszolg\u00e1ltat\u00e1sa k\u00f6r\u00fcl mer\u00fclt fel az amerikai magyar katolikus sajt\u00f3ban<a href=\"#_ftn1\">[1]<\/a>. Mind amerikai, mind magyar r\u00e9szr\u0151l a visszaad\u00e1s k\u00e9rd\u00e9se t\u00f6bb alkalommal is felmer\u00fclt, de az v\u00e9g\u00fcl is csak 1978. janu\u00e1r 6-\u00e1n t\u00f6rt\u00e9nt meg. Dolgozatomban szeretn\u00e9k r\u00e1mutatni a visszaad\u00e1s k\u00f6r\u00fcli jogi huzavon\u00e1ra, illetve a visszaad\u00e1snak az amerikai magyar t\u00e1rsadalomra \u2013 kimondva- kimondatlanul \u2013 m\u00e1ig tart\u00f3 hat\u00e1s\u00e1ra.<\/p>\n\n\n\n<p>A magyar Szent Korona, valamint a koron\u00e1z\u00e1si jelv\u00e9nyek \u00e9s korona\u00e9kszerek (a tov\u00e1bbiakban Szent Korona) 1945-ben ker\u00fcltek k\u00fclf\u00f6ldre. Hossz\u00fa kaland ut\u00e1n 1945 v\u00e9g\u00e9n jutottak az \u00e9kszerek Salzburgn\u00e1l a Sz\u00f6vets\u00e9ges Ellen\u0151rz\u0151 Bizotts\u00e1g amerikai misszi\u00f3j\u00e1nak kez\u00e9re. A Magyar Szent Korona utols\u00f3 \u201enyilv\u00e1nos\u201d hazai felbukkan\u00e1sa 1944. november 4-\u00e9n volt, amikor Sz\u00e1lasi Ferenc<a href=\"#_ftn2\">[2]<\/a> \u201enemzetvezet\u0151\u201d, a Szent Korona el\u0151tt esk\u00fct tett, s ez \u00e1ltal a kor\u00e1bbi korm\u00e1nyz\u00f3i \u00e9s minisztereln\u00f6ki funkci\u00f3t egy szem\u00e9lyben egyes\u00edtette<a href=\"#_ftn3\">[3]<\/a>. Ez ut\u00e1n a Szent Korona t\u00f6rt\u00e9nete, tart\u00f3zkod\u00e1si helye hosszabb ideig a k\u00f6znyilv\u00e1noss\u00e1g el\u0151tt rejtett maradt. Ma m\u00e1r lehet tudni, hogy 1944. november 6-\u00e1n hagyta el a Szent Korona Budapest ter\u00fclet\u00e9t, majd december 6-ig Veszpr\u00e9mben volt, k\u00e9s\u0151bb K\u0151szegre, majd Velembe, majd ism\u00e9t K\u0151szegre sz\u00e1ll\u00edtott\u00e1k. Az orsz\u00e1g ter\u00fclet\u00e9t 1945 m\u00e1rcius\u00e1ban hagyta el, a korona\u0151r\u00f6k k\u00eds\u00e9ret\u00e9ben. R\u00f6vid ideig tart\u00f3zkodtak Mariazellben, majd Salzburg mellett Mattseebe tett\u00e9k \u00e1t a sz\u00e9khely\u00fcket. Itt a koron\u00e1z\u00e1si jelv\u00e9nyeket k\u00e9t r\u00e9szre v\u00e1lasztott\u00e1k, a sokkal s\u00e9r\u00fcl\u00e9kenyebb koron\u00e1z\u00e1si pal\u00e1stot \u00e9s a Szent Jobbot a helyi katolikus pl\u00e9b\u00e1nosnak adt\u00e1k \u00e1t meg\u0151rz\u00e9sre, a t\u00f6bbit pedig el\u00e1st\u00e1k. A Szent Jobbot az amerikai hadsereg r\u00f6vid id\u0151n bel\u00fcl \u00e1tadta a magyar katolikus egyh\u00e1znak, \u00edgy az hazaker\u00fclt, de a t\u00f6bbi koron\u00e1z\u00e1si jelv\u00e9ny \u2013 miut\u00e1n 1945. j\u00fanius 27-\u00e9n a korona\u0151r\u00f6k felfedt\u00e9k a rejtekhelyet \u2013 amerikai k\u00e9zbe ker\u00fclt. A Szent Koron\u00e1t \u00e9s a koron\u00e1z\u00e1si jelv\u00e9nyeket a Deutsche Reichsbank, azaz a kor\u00e1bbi N\u00e9met Birodalmi Bank frankfurti \u00e9p\u00fclet\u00e9ben \u0151riz\u00e9k. 1945 szeptember\u00e9ben ker\u00fclt \u00e1t a korona &nbsp;Wiesbadenbe, az amerikai hadsereg m\u0171kincsgy\u0171jt\u0151 k\u00f6zpontj\u00e1ba, innen 1949 m\u00e1jus\u00e1ban ism\u00e9t Frankfurtba, majd 1951 augusztus\u00e1ban Friedbergbe, az amerikai hadsereg eur\u00f3pai parancsnoks\u00e1g\u00e1nak p\u00e9nz\u00fcgyi k\u00f6zpontj\u00e1ba. A Szent Koron\u00e1t 1953-ban sz\u00e1ll\u00edtott\u00e1k \u00e1t az Egyes\u00fclt \u00c1llamokba, ahol Texasban, Fort Knoxban, az amerikai \u00e1llam k\u00f6zponti aranylerakat\u00e1ba ker\u00fclt elhelyez\u00e9sre<a href=\"#_ftn4\">[4]<\/a>.<\/p>\n\n\n\n<p>A magyar \u00e1llam t\u00f6bb alkalommal is k\u00e9rte, hogy a Szent Koron\u00e1t szolg\u00e1ltassa vissza az Egyes\u00fclt \u00c1llamok, de azt form\u00e1lisan \u2212 \u00e9s nem form\u00e1lisan is \u2212 elutas\u00edtott\u00e1k. Hivatalos indokl\u00e1sk\u00e9nt azt a v\u00e1laszt adt\u00e1k, hogy a Szent Koron\u00e1t nem az amerikai hadsereg hozta el Magyarorsz\u00e1gr\u00f3l, \u00edgy hadizs\u00e1km\u00e1nynak nem tekinthet\u0151 (teh\u00e1t nem a megvert ellens\u00e9gnek a gy\u0151ztes kez\u00e9re jutott hadianyaga, felszerel\u00e9se, illetve, nem a h\u00e1bor\u00faban szerzett egy\u00e9ni zs\u00e1km\u00e1ny<a href=\"#_ftn5\">[5]<\/a>), hanem az \u00e9kszerek \u0151rz\u00e9s\u00e9t hivatalosan ell\u00e1t\u00f3 szem\u00e9lyek \u00e1ltal az amerikai \u00e1llamnak adott egy\u00e9ni let\u00e9tk\u00e9nt szerepel, \u00edgy visszaad\u00e1sa k\u00fcl\u00f6n t\u00e1rgyal\u00e1sokat ig\u00e9nyel.<\/p>\n\n\n\n<p>Az amerikai k\u00fcl\u00fcgyminiszt\u00e9rium m\u00e9g 1946-ban h\u00e1rom lehet\u0151s\u00e9get vetett fel a Szent Korona sors\u00e1val kapcsolatban<a href=\"#_ftn6\">[6]<\/a>:<\/p>\n\n\n\n<ul class=\"wp-block-list\"><li>A Korona elk\u00fcld\u00e9se az Apostoli Szentsz\u00e9knek meg\u0151rz\u00e9sre (Mindszenty J\u00f3zsef hat\u00e1rozottan t\u00e1mogatta ezt a v\u00e1ltozatot, \u00e9s a Vatik\u00e1n sem z\u00e1rk\u00f3zott el a k\u00e9rd\u00e9st\u0151l)<\/li><li>A Korona Egyes\u00fclt \u00c1llamokba sz\u00e1ll\u00edt\u00e1sa, \u00e9s alkalmas id\u0151ben val\u00f3 visszaad\u00e1sa (lehet\u0151leg a magyar hercegpr\u00edm\u00e1s hozz\u00e1j\u00e1rul\u00e1s\u00e1val)<\/li><li>A Korona N\u00e9metorsz\u00e1gban val\u00f3 \u0151rz\u00e9se, majd megfelel\u0151 id\u0151ben t\u00f6rt\u00e9n\u0151 visszaszolg\u00e1ltat\u00e1sa<\/li><\/ul>\n\n\n\n<p>A magyar \u00e1llam az 1950-es \u00e9vek elej\u00e9n m\u00e9g zsarol\u00e1ssal is megpr\u00f3b\u00e1lta a Szet Koron\u00e1t visszaszerezni, s ennek el\u00e9g komoly nyomat\u00e9kot adott Robert Vogeler<a href=\"#_ftn7\">[7]<\/a> amerikai \u00e1llampolg\u00e1r, az International Telephone and Telegraph Co. egyik eur\u00f3pai r\u00e9szlegvezet\u0151j\u00e9nek 1949 \u0151szi letart\u00f3ztat\u00e1s\u00e1val. R\u00e1kosi M\u00e1ty\u00e1s<a href=\"#_ftn8\">[8]<\/a> gyakorlatilag felt\u00e9tel\u00fcl szabja Vogeler szabadon bocs\u00e1t\u00e1s\u00e1nak azt, hogy az amerikaiak visszaadj\u00e1k a Szent Koron\u00e1t<a href=\"#_ftn9\">[9]<\/a>. Ez a pr\u00f3b\u00e1lkoz\u00e1s sikertelen volt, f\u0151leg mivel az amerikai k\u00fcl\u00fcgyminiszt\u00e9rium ett\u0151l mereven elz\u00e1rk\u00f3zott, aminek egyik oka, hogy az emigr\u00e1ns magyars\u00e1g szinte egy\u00f6ntet\u0171en tiltakozott a visszaad\u00e1s ellen. A Katolikus Magyarok Vas\u00e1rnapja<a href=\"#_ftn10\">[10]<\/a> visszatekint\u0151 cikke szerint: \u201e<em>El\u0151sz\u00f6r 1950-ben a Truman-korm\u00e1ny foglalkozott komolyan Robert Vogeler szabadon bocs\u00e1t\u00e1sa fej\u00e9ben a Szent Korona visszaad\u00e1s\u00e1val, amit\u0151l csak a szabad f\u00f6ld\u00f6n \u00e9l\u0151 magyarok nem v\u00e1rt, egys\u00e9ges, er\u0151teljes tiltakoz\u00e1sa, \u00e9s a szabad vil\u00e1g m\u00e9lys\u00e9ges felh\u00e1borod\u00e1sa miatt \u00e1llt el<\/em>.\u201d<a href=\"#_ftn11\">[11]<\/a><\/p>\n\n\n\n<p>A Szent Korona \u00fcgye ez ut\u00e1n n\u00e9mileg feled\u00e9sbe mer\u00fclt, b\u00e1r n\u00e9ha-n\u00e9ha voltak diplom\u00e1ciai pr\u00f3b\u00e1lkoz\u00e1sok, de ezek r\u00f6vid id\u0151n bel\u00fcl hamv\u00e1ba haltak. A magyar \u00e1llamnak m\u00e9g arr\u00f3l sem volt biztos inform\u00e1ci\u00f3ja, hogy az \u00e9kszereket hol \u0151rzik. Felmer\u00fcltek olyan tal\u00e1lgat\u00e1sok, hogy esetleg Ausztri\u00e1ban, a salzburgi \u00e9rsek \u0151rzi \u0151ket, de egy vatik\u00e1ni sz\u00e1l is el\u0151ker\u00fclt. V\u00e9g\u00fcl 1965. janu\u00e1r 6-\u00e1n a budapesti amerikai nagyk\u00f6vets\u00e9g \u00fcgyviv\u0151je k\u00f6z\u00f6lte a magyar k\u00fcl\u00fcgyminiszt\u00e9riummal az al\u00e1bbiakat:<\/p>\n\n\n\n<ul class=\"wp-block-list\"><li><em>\u201eA magyar koron\u00e1t \u00e9s m\u00e1s korona\u00e9kszereket 1945 m\u00e1jus\u00e1ban vagy j\u00fanius\u00e1ban az amerikai hadsereg alakulatai vett\u00e9k birtokukba a magyar hadsereg korona\u0151rs\u00e9g\u00e9t\u0151l. Az\u00f3ta megszak\u00edt\u00e1s n\u00e9lk\u00fcl amerikai \u0151rizetben vannak, \u00e9s megfelel\u0151 gondoss\u00e1ggal v\u00e9dt\u00e9k minden elv\u00e1ltoz\u00e1st\u00f3l, vagy \u00e9rt\u00e9kroml\u00e1st\u00f3l;<\/em><\/li><li><em>Az Egyes\u00fclt \u00c1llamok r\u00e9sz\u00e9r\u0151l teljesen meg\u00e9rtik, hogy milyen nagy jelent\u0151s\u00e9ge van a korona\u00e9kszereknek Magyarorsz\u00e1g sz\u00e1m\u00e1ra, ez\u00e9rt tov\u00e1bbra is kell\u0151 gonddal \u0151rzik mind fizikailag, mind abb\u00f3l a szempontb\u00f3l, hogy azokat politikai vonatkoz\u00e1sban ne engedj\u00e9k felhaszn\u00e1lni. Holl\u00e9t\u00fckr\u0151l az Egyes\u00fclt \u00c1llamokban csak kis sz\u00e1m\u00fa illet\u00e9kes tud, illet\u00e9ktelenek nem f\u00e9rhetnek hozz\u00e1;<\/em><\/li><li><em>Az Egyes\u00fclt \u00c1llamok korm\u00e1nya meg\u00e9rti, hogy Magyarorsz\u00e1g sz\u00e1m\u00e1ra a korona\u00e9kszerek a magyar nemzeti hagyom\u00e1ny szimb\u00f3lum\u00e1t jelentik. Elismeri ezek magyar nemzeti tulajdon\u00e1t \u00e9s \u00e9ppen ez\u00e9rt sz\u00e1nd\u00e9k\u00e1ban van ezeket visszaadni megfelel\u0151 id\u0151ben, az orsz\u00e1gaink k\u00f6z\u00f6tti kapcsolatok megfelel\u0151 alakul\u00e1sa eset\u00e9n<\/em>.\u201d<a href=\"#_ftn12\">[12]<\/a><\/li><\/ul>\n\n\n\n<p>L\u00e9nyeg\u00e9ben a Szent Korona visszaad\u00e1s\u00e1val kapcsolatosan az amerikai \u00e1llam az \u00e1llamk\u00f6zi kapcsolatok rendez\u0151d\u00e9s\u00e9t szabta felt\u00e9tel\u00fcl. Szek\u00e9r Gyula<a href=\"#_ftn13\">[13]<\/a>, 1976-ban, mint minisztereln\u00f6k-helyettes tett l\u00e1togat\u00e1st az USA-ban, s ott t\u00f6bbek k\u00f6z\u00f6tt Elliot Richardson<a href=\"#_ftn14\">[14]<\/a> kereskedelmi miniszterrel, valamint Gerald Ford<a href=\"#_ftn15\">[15]<\/a> eln\u00f6kkel is tal\u00e1lkozott. Ezeken a tal\u00e1lkoz\u00f3kon hozta sz\u00f3ba, mint jelent\u0151s priorit\u00e1st a Korona visszaszolg\u00e1ltat\u00e1s\u00e1t. Az amerikai eln\u00f6kkel val\u00f3 tal\u00e1lkoz\u00f3j\u00e1r\u00f3l k\u00e9s\u0151bb \u00edgy \u00edrt:<\/p>\n\n\n\n<p><em>\u201eUtam legnagyobb jelent\u0151s\u00e9g\u0171 \u00e9s legfontosabb esem\u00e9nye az volt, hogy annak els\u0151 napj\u00e1n, 1976. m\u00e1jus 4-\u00e9n fogadott Gerald Ford, az Egyes\u00fclt \u00c1llamok eln\u00f6ke.<\/em><\/p>\n\n\n\n<p><em>Ford eln\u00f6k sz\u00edv\u00e9lyesen fogadott. A megbesz\u00e9l\u00e9sen r\u00f6viden \u00e9rt\u00e9keltem a magyar-amerikai kapcsolatok alakul\u00e1s\u00e1t. Egyet\u00e9rtett azzal a felvet\u00e9ssel, hogy a kapcsolatok tov\u00e1bbi fejleszt\u00e9se k\u00edv\u00e1natos lenne s ennek felt\u00e9telei sz\u00e1mos ter\u00fcleten megvannak, k\u00fcl\u00f6n\u00f6sen az ipari kooper\u00e1ci\u00f3k \u00e9s a mez\u0151gazdas\u00e1gi, valamint a m\u0171szaki-tudom\u00e1nyos egy\u00fcttm\u0171k\u00f6d\u00e9s ter\u00fclet\u00e9n. [&#8230;]<\/em><\/p>\n\n\n\n<p><em>Kapcsolataink normaliz\u00e1l\u00e1s\u00e1nak komoly tehert\u00e9telek\u00e9nt vetettem fel a korona \u00e9s a koron\u00e1z\u00e1si \u00e9kszerek \u00fcgy\u00e9t. R\u00f6viden v\u00e1zoltam Magyarorsz\u00e1g neh\u00e9z, k\u00fczdelmes t\u00f6rt\u00e9nelm\u00e9t, hangs\u00falyoztam, hogy t\u00f6rt\u00e9nelmi eml\u00e9keink nagyr\u00e9szt elpusztultak, kev\u00e9s maradt bel\u0151l\u00fck. Elmondtam, hogy Szent Istv\u00e1n koron\u00e1ja a kezdetekt\u0151l fogva a magyar n\u00e9p \u00f3ri\u00e1si becsben tartott nemzeti erekly\u00e9je, jogos tulajdona, amit szeretn\u00e9nk visszakapni.<\/em><\/p>\n\n\n\n<p><em>Az eln\u00f6k nagy figyelemmel \u00e9s emp\u00e1ti\u00e1val hallgatta az elmondottakat. Szavakkal is kifejezte, hogy nagy hat\u00e1ssal voltak r\u00e1 a magyar t\u00f6rt\u00e9nelemr\u0151l \u00e9s a Szent Istv\u00e1n koron\u00e1j\u00e1r\u00f3l mondottak. [&#8230;]<\/em><\/p>\n\n\n\n<p><em>Az amerikai korm\u00e1ny meg\u00e9rtette \u00e9s mag\u00e1\u00e9v\u00e1 tette a korona visszaad\u00e1s\u00e1nak \u00fcgy\u00e9t, s ehhez t\u00e1mogat\u00e1st \u00edg\u00e9rt, de bizonyos felt\u00e9teleket szabott. \u00cdgy a magyar-amerikai kapcsolatok tov\u00e1bbi normaliz\u00e1l\u00e1s\u00e1t, dinamiz\u00e1l\u00e1s\u00e1t, de idetartozott ad\u00f3ss\u00e1gaink rendez\u00e9se is. Mi mindebben partnerek voltunk.\u201d<a href=\"#_ftn16\"><strong>[16]<\/strong><\/a><\/em><\/p>\n\n\n\n<p>A magyar emigr\u00e1ci\u00f3 m\u00e1r nem volt ennyire lelkes att\u00f3l, hogy Gerald Ford fogadta a \u201eK\u00e1d\u00e1r-kik\u00fcld\u00f6tteket\u201d. A Katolikus Magyar Vas\u00e1rnapja az esem\u00e9nyr\u0151l \u00edgy \u00edrt:<\/p>\n\n\n\n<p>\u201e<em>Lapz\u00e1rtakor \u00e9rtes\u00fclt\u00fcnk, hogy Szek\u00e9r Gyula, a K\u00e1d\u00e1r-diktat\u00fara minisztertan\u00e1cs\u00e1nak eln\u00f6khelyettese, m\u00e1jus 4-\u00e9n, kedden, v\u00e1ratlanul megl\u00e1togatta Ford eln\u00f6k\u00f6t a Feh\u00e9r H\u00e1zban.<\/em><\/p>\n\n\n\n<p><em>K\u00f6vetkez\u0151 napon, m\u00e1jus 5-\u00e9n, Nagy J\u00e1nos, a K\u00e1d\u00e1r-diktat\u00fara k\u00fcl\u00fcgyminiszter-helyettese a k\u00fcl\u00fcgyminiszt\u00e9riumban felkereste Kissinger k\u00fcl\u00fcgyminiszter tan\u00e1csad\u00f3j\u00e1t, a Sonnenfeldt-doktrina megfogalmaz\u00f3j\u00e1t, Helmut Sonnenfeldtet, akivel megbesz\u00e9l\u00e9seket folytatott. A magyarorsz\u00e1gi telev\u00edzi\u00f3n Szek\u00e9r Gyula l\u00e1togat\u00e1s\u00e1r\u00f3l m\u00e9g az este besz\u00e1moltak.<\/em><\/p>\n\n\n\n<p><em>A magyar sz\u00e1m\u0171z\u00f6ttek gyanakv\u00e1ssal fogadt\u00e1k a K\u00e1d\u00e1r-diktat\u00fara k\u00e9t vezet\u0151 p\u00e1rtb\u00fcrokrat\u00e1j\u00e1nak megjelen\u00e9s\u00e9t Washingtonban. K\u00fcl\u00f6n\u00f6s, hogy a helyettes k\u00fcl\u00fcgyminiszter Helmut Sonnenfeltel folytatott t\u00e1rgyal\u00e1sokat. Eddig a l\u00e1togat\u00e1sokr\u00f3l nem l\u00e1ttunk hivatalos jelent\u00e9st a lapokban.<\/em><\/p>\n\n\n\n<p><em>Hab\u00e1r hivatalos jelent\u00e9s eddig nem l\u00e1that\u00f3, j\u00f3l \u00e9rtes\u00fclt washingtoniak szerint a l\u00e1togat\u00e1sok elind\u00edt\u00f3ja az amerikai kereskedelmi miniszter volt, aki a K\u00e1d\u00e1r-diktat\u00far\u00e1val l\u00e9tes\u00edtend\u0151 gazdas\u00e1gi kapcsolatok \u00fcgy\u00e9ben a diktat\u00fara kik\u00fcld\u00f6tteinek az amerikai vezet\u0151 bankemberekkel \u00e9s \u00fczletemberekkel val\u00f3 tal\u00e1lkoz\u00e1st k\u00edv\u00e1nta lehet\u0151v\u00e9 tenni. Azonban hivatalos jelent\u00e9s err\u0151l sem tal\u00e1lhat\u00f3 ezideig.<\/em>\u201d<a href=\"#_ftn17\">[17]<\/a><\/p>\n\n\n\n<p>A tal\u00e1lkoz\u00f3 ut\u00e1n r\u00f6videsen amerikai kereskedelmi k\u00fcld\u00f6tts\u00e9g j\u00e1rt Budapesten, amely ut\u00e1n Jonathan Brewster Bingham<a href=\"#_ftn18\">[18]<\/a>, a Demokrata P\u00e1rt kongresszusi k\u00e9pvisel\u0151je javaslatot tett a Korona azonnali, felt\u00e9tel n\u00e9lk\u00fcli visszaad\u00e1s\u00e1ra. Szem\u00e9ly\u00e9vel kapcsolatosan az amerikai (hagyom\u00e1nyosan republik\u00e1nus be\u00e1ll\u00edtotts\u00e1g\u00fa) magyar sajt\u00f3 legal\u00e1bbis fenntart\u00e1sokat fogalmazott meg, mivel ellenezte a fegyvertart\u00e1st<a href=\"#_ftn19\">[19]<\/a>, valamint a kongresszus rendes heti im\u00e1ds\u00e1g\u00e1ra megh\u00edvott egy rabbit<a href=\"#_ftn20\">[20]<\/a>, arr\u00f3l nem is besz\u00e9lve, hogy pozit\u00edv megnyilatkoz\u00e1sokat tett Fidel Castro kubai p\u00e1rtvez\u00e9rre<a href=\"#_ftn21\">[21]<\/a>.<\/p>\n\n\n\n<p>1977. janu\u00e1r 20-\u00e1n Jimmy Carter<a href=\"#_ftn22\">[22]<\/a> vette \u00e1t az eln\u00f6ki hatalmat, majd 1977 j\u00fanius\u00e1ban gyakorlatilag d\u00f6nt\u00e9s sz\u00fcletett arr\u00f3l, hogy a Szent Koron\u00e1t visszaadj\u00e1k. Ez az inform\u00e1ci\u00f3 ekkor m\u00e1r a magyar emigr\u00e1ci\u00f3 el\u0151tt is nyilv\u00e1nval\u00f3v\u00e1 lett, amely ellen \u0151k hat\u00e1rozottan tiltakoztak. Az Amerikai-Kanadai Magyar \u00c9let<a href=\"#_ftn23\">[23]<\/a> c. \u00fajs\u00e1gban 1977-ben 72 cikk foglalkozott a k\u00e9r\u00e9ssel, a Katolikus Magyarok Vas\u00e1rnapja 66 cikkben. Ezen cikkek t\u00falnyom\u00f3 t\u00f6bbs\u00e9ge a k\u00e9rd\u00e9st elhib\u00e1zottnak, az amerikai eln\u00f6k politik\u00e1j\u00e1t pedig eg\u00e9szen egyszer\u0171en \u00e1rul\u00e1snak tekintette.<\/p>\n\n\n\n<p>A magyar emigr\u00e1ci\u00f3 ekkor m\u00e9g menteni akarta a menthet\u0151t. Ha m\u00e1r kiadj\u00e1k a Szent Koron\u00e1t \u2013 amit sz\u00edvb\u0151l elleneztek \u2013 legal\u00e1bb felt\u00e9teleket szabjanak. Voltak ezek k\u00f6z\u00f6tt irre\u00e1lis felt\u00e9telek, mint p\u00e9ld\u00e1ul a szovjet csapatok kivon\u00e1sa Magyarorsz\u00e1gr\u00f3l, vagy olyanok, amelyek elvben teljes\u00edthet\u0151ek lettek volna, mint p\u00e9ld\u00e1ul az el\u00edt\u00e9lt politikai foglyok (akik k\u00f6z\u00fcl sz\u00e1mosan az USA-ban \u00e9ltek) amneszti\u00e1ja, vagy pedig rehabilit\u00e1ci\u00f3ja<a href=\"#_ftn24\">[24]<\/a>.<\/p>\n\n\n\n<p>A K\u00f6z\u00f6s Magyar K\u00fcl\u00fcgyi Bizotts\u00e1g, amely az USA-ban m\u0171k\u00f6d\u0151 magyar szervezetek koordin\u00e1ci\u00f3j\u00e1t v\u00e9gezte 1977. j\u00falius 24-\u00e9n tiltakozott a Szent Korona kiadat\u00e1s\u00e1val kapcsolatban, arra hivatkozva, hogy 1976 nyar\u00e1n az eln\u00f6kv\u00e1laszt\u00e1si kamp\u00e1nyban mind a k\u00e9t eln\u00f6kjel\u00f6ltet felk\u00e9rt\u00e9k nyilatkozzon arr\u00f3l, hogy Magyarorsz\u00e1ggal szemben milyen politik\u00e1t k\u00edv\u00e1n gyakorolni, s ez alapj\u00e1n \u2013 mivel Carter eln\u00f6k nyilatkozat\u00e1ban a Szent Korona visszaad\u00e1sa nem szerepelt \u2013 ezt az \u0151 \u00edg\u00e9ret\u00e9nek megszeg\u00e9sek\u00e9nt \u00e9rt\u00e9kelt\u00e9k<a href=\"#_ftn25\">[25]<\/a>.<\/p>\n\n\n\n<p>Sz\u00e1mos magyar szervezet ny\u00fajtott be tiltakoz\u00e1st a kiad\u00e1s ellen, de hivatalos form\u00e1ban Ed Derwinski<a href=\"#_ftn26\">[26]<\/a> ny\u00fajtott be t\u00f6rv\u00e9nyjavaslatot, arra vonatkoz\u00f3an, hogy a Szent Korona \u2013 a helyzet gy\u00f6keres v\u00e1ltoz\u00e1s\u00e1ig \u2013 maradjon amerikai fennhat\u00f3s\u00e1g alatt.<a href=\"#_ftn27\">[27]<\/a><\/p>\n\n\n\n<p>A Katolikus Magyarok Vas\u00e1rnapja 1977. november 13-i sz\u00e1m\u00e1ban c\u00edmlapon hozta, hogy <em>\u201eCarter kiadja a Szent Koron\u00e1t\u201d<\/em>. A cikk enyh\u00e9n gunyoros hangv\u00e9telben jegyzi meg, hogy m\u00e9lt\u00f3k\u00e9ppen \u00fcnnepli az USA eln\u00f6ke a nagy okt\u00f3beri szocialista forradalom hatvanadik \u00e9vfordul\u00f3j\u00e1t.<\/p>\n\n\n\n<p>Az Amerikai-Kanadai Magyar \u00c9let 1977. november 26-i sz\u00e1m\u00e1ban keser\u0171s\u00e9g\u00e9nek ad hangot: <em>\u201eFelt\u00f6r benn\u00fcnk a keser\u0171s\u00e9g, amikor arra gondolunk, hogy Carter eln\u00f6k milyen fel\u00fcletes tan\u00e1csok alapj\u00e1n d\u00f6nt\u00f6tt a magyar Szent Korona kiad\u00e1sa mellett.\u201d<\/em><a href=\"#_ftn28\">[28]<\/a> M\u00e1r az \u00fajs\u00e1g ezen sz\u00e1m\u00e1nak f\u0151c\u00edme is hangzatos: <em>\u201eHarc a Szent Koron\u00e1\u00e9rt\u201d.<\/em> Ugyanezen lapsz\u00e1m hozza az Amerikai Magyarok Sz\u00f6vets\u00e9g\u00e9nek tiltakoz\u00f3 jegyz\u00e9k\u00e9t:<\/p>\n\n\n\n<p>\u201e<em>Az Amerikai Magyar Sz\u00f6vets\u00e9g m\u00e9gegyszer megkongatja a V\u00c9SZHARANGOT a magyar Szent Korona kiadat\u00e1s\u00e1nak \u00fcgy\u00e9ben. Felh\u00edvja m\u00e9gegyszer tagegyh\u00e1zait &#8211; katolikus \u00e9s protest\u00e1ns tagegyh\u00e1zait &#8211; tagegyes\u00fcleteit \u00e9s Oszt\u00e1lyait, valamint az eg\u00e9sz amerikai magyars\u00e1got vall\u00e1sfelekezeti k\u00fcl\u00f6nbs\u00e9g n\u00e9lk\u00fcl, hogy a leger\u00e9lyesebben tiltakozzanak a Szent Korona kiad\u00e1sa ellen.<\/em><\/p>\n\n\n\n<p><em>A Szent Koron\u00e1t az orosz csapatok puszt\u00edt\u00e1sa \u00e9s rabl\u00e1sa el\u00f6l mentett\u00e9k ki h\u0151s katon\u00e1ink \u00e9s adt\u00e1k \u00e1t \u201cMEG\u0150RZ\u00c9S V\u00c9GETT\u201d az amerikai korm\u00e1nynak azzal a felt\u00e9tellel, hogy amig az orosz csapatok Magyarorsz\u00e1gon vannak, amig nincs szabad v\u00e1laszt\u00e1s, vall\u00e1si \u00e9s politikai szabads\u00e1g s az emberi jogoknak biztos\u00edt\u00e1sa, ADDIG A KORONA NEM ADHAT\u00d3 KI. Az orosz csapatok, t\u00f6bb mint 200.000 (Carter eln\u00f6k bevall\u00e1sa szerint) &#8211; m\u00e9g mindig Magyarorsz\u00e1gon vannak s a fenti felt\u00e9telek \u00e9s emberi jogok m\u00e9g mindig nincsenek biztos\u00edtva. A SZABAD VIL\u00c1GBAN \u00c9L\u0150 MAGYARS\u00c1GNAK TEH\u00c1T SZENT K\u00d6TELESS\u00c9GE MINDEN EREJ\u00c9VEL TILTAKOZNI A SZENT KORONA KIAD\u00c1SA ELLEN, AMELY NEMCSAK A NEMZETI ALKOTM\u00c1NYOSS\u00c1GNAK, HANEM A NEMZETI EGYS\u00c9GNEK IS EZER \u00c9V \u00d3TA \u00d6SSZETART\u00d3 EREJE \u00c9S SZIMB\u00d3LUMA VOLT.<\/em><\/p>\n\n\n\n<p><em>Mary Oakar ohioi k\u00e9pvisel\u0151n\u0151, Frank Horton newyorki, D\u0151li szen\u00e1tor t\u00f6rv\u00e9nyjavaslatot adtak be a Szent Korona visszatart\u00e1sa \u00fcgy\u00e9ben. A kongresszusi kihallgat\u00e1son Sz\u00f6vets\u00e9g\u00fcnk eln\u00f6k\u00e9t Dr. B\u00e9ky Zolt\u00e1nt, Igazgat\u00f3s\u00e1gunk eln\u00f6k\u00e9t P\u00e1sztor L\u00e1szl\u00f3t \u00e9s t\u00f6bb magyar szervezet vezet\u0151j\u00e9t, Ft. F\u00fcz\u00e9r Juli\u00e1nt, L\u0151te Lajost, Pog\u00e1ny Andr\u00e1st hallgattak ki, akik er\u00e9lyesen tiltakoztak a korona kiad\u00e1sa ellen. (Sajnos akadtak gy\u00e1szmagyarok is, akik a kiad\u00e1st javasolt\u00e1k.)<\/em><\/p>\n\n\n\n<p><em>SZ\u00d6VETS\u00c9G\u00dcNK AZ Eln\u00f6kh\u00f6z \u00e9s az Aleln\u00f6kh\u00f6z fordult seg\u00edts\u00e9g\u00e9rt. Ugyanakkor sz\u00f6vets\u00e9g\u00fcnk eln\u00f6ke a Katolikus P\u00fcsp\u00f6ki Karhoz (150 p\u00fcsp\u00f6k \u00e9s kardin\u00e1lis) amely \u00e9ppen Washingtonban gy\u0171l\u00e9sezett- fordult seg\u00edts\u00e9g\u00e9rt.<\/em><\/p>\n\n\n\n<p><em>Sajnos Eln\u00f6k\u00fcnk a deleg\u00e1ci\u00f3 el\u0151tt kijelentette, hogy a KORON\u00c1T VISSZAADJA, ez a tan\u00e1csad\u00f3inak a v\u00e9lem\u00e9nye is- mind\u00f6ssze az id\u0151pont fel\u0151l nem d\u00f6nt\u00f6tt m\u00e9g.<\/em><\/p>\n\n\n\n<p><em>ADDIG IS A SZABAD VIL\u00c1G MAGYARS\u00c1G\u00c1NAK MINDEN LEHET\u0150T EL KELL K\u00d6VETNI, HOGY AM\u00cdG A FENTI FELT\u00c9TELEK NEM TELJESITTETNEK- A KORONA ITT MARADJON!!!<\/em>\u201d<\/p>\n\n\n\n<p>A Katolikus Magyarok Vas\u00e1rnapja 1977. november v\u00e9g\u00e9re \u2013 neh\u00e9z sz\u00edvvel b\u00e1r \u2212, de tudom\u00e1sul vette, hogy a Szent Korona kiszolg\u00e1ltat\u00e1sra ker\u00fcl a \u201ek\u00e1d\u00e1ri-rezsimnek\u201d.<\/p>\n\n\n\n<p>\u201e<em>V\u00e9rbe, vitriolba kellene m\u00e1rtani a tollat, hogy m\u00e9lt\u00f3k\u00e9ppen \u00e9rz\u00e9keltetni lehessen azt a sz\u00f6rny\u0171 f\u00e1jdalmat, mely minden igaz magyart \u2014 \u00e9ljen otthon vagy a vil\u00e1g b\u00e1rmelyik r\u00e9sz\u00e9ben \u2014 gy\u00f6t\u00f6r, k\u00ednoz az\u00f3ta, hogy 1977. november 4-\u00e9n, az 56-os szabads\u00e1gharc v\u00e9rbefojt\u00e1s\u00e1nak 21. \u00e9vfordul\u00f3j\u00e1n, a telev\u00edzi\u00f3, r\u00e1di\u00f3 \u00e9s az \u00fajs\u00e1gok vil\u00e1gg\u00e1 r\u00f6p\u00edtett\u00e9k a h\u00edrt: \u201eCarter korm\u00e1nya&#8230; elhat\u00e1rozta, hogy visszaadja Budapestnek Szent Istv\u00e1n koron\u00e1j\u00e1t, a magyar \u00e1llamis\u00e1g szimb\u00f3lum\u00e1t, ami a II. vil\u00e1gh\u00e1bor\u00fa utols\u00f3 napjai \u00f3ta Amerika \u0151rizet\u00e9ben van&#8230; Cyrus R. Vance k\u00fcl\u00fcgyminiszter szem\u00e9lyesen sz\u00e1nd\u00e9kozik hazavinni a koron\u00e1t \u00e9s a koron\u00e1z\u00e1si \u00e9kszereket a magyar korm\u00e1nynak. . .\u201d (New York Times, 1977. november 4.)<\/em><\/p>\n\n\n\n<p><em>Erre h\u00edrre, hogy a Szent Korona 32 \u00e9ves k\u00e9nyszer\u0171 t\u00e1voll\u00e9t ut\u00e1n hazat\u00e9r, minden magyarnak \u00f6r\u00f6mm\u00e1morban kellene \u00faszni, hiszen a Szent Koron\u00e1nak, a magyar \u00e1llamis\u00e1g megszem\u00e9lyes\u00edt\u0151j\u00e9nek, minden hatalom \u00e9s jog forr\u00e1s\u00e1nak, a legszentebb nemzeti erekly\u00e9nek, a magyar j\u00f6vend\u0151 z\u00e1log\u00e1nak \u00e9s biztos\u00edt\u00e9k\u00e1nak Magyarorsz\u00e1gon, a f\u00fcggetlen, szabad nemzet biztons\u00e1gos \u0151rizet\u00e9ben van a helye.<\/em><\/p>\n\n\n\n<p><em>De sajnos, a val\u00f3s\u00e1g eg\u00e9szen m\u00e1s: megrend\u00edt\u0151en tragikus. Minden j\u00f3zan ember tudja, hogy a magyar nemzet nem szabad.<\/em>\u201d<a href=\"#_ftn29\">[29]<\/a><\/p>\n\n\n\n<p>A visszaad\u00e1s k\u00e9rd\u00e9s\u00e9n fel\u00fcl az is felmer\u00fclt, hogy vajon, hol \u00e9s milyen k\u00f6r\u00fclm\u00e9nyek k\u00f6z\u00f6tt fogj\u00e1l a koron\u00e1t \u0151rizni, vajon nem fogj\u00e1k-e elz\u00e1rni a k\u00f6z\u00f6ns\u00e9g el\u0151l (megjegyzem ez Amerik\u00e1ban sem volt m\u00e1sk\u00e9nt), s\u0151t nem fogj\u00e1k-e esetleg megsemmis\u00edteni. A fenti cikk \u00edr\u00f3ja elkesered\u00e9s\u00e9ben k\u00f6zli, hogy a Szent Koron\u00e1t nem az\u00e9rt adj\u00e1k vissza, mert megv\u00e1ltozott Magyarorsz\u00e1gon a politikai rend, hanem sim\u00e1n \u00fczleti \u00e9rdekb\u0151l: \u201e<em>Szem\u00e9rmetlen \u00e1lszentesked\u00e9s, farizeuskod\u00e1s teh\u00e1t arr\u00f3l besz\u00e9lni, hogy a Szent Koron\u00e1t jogos tulajdonos\u00e1nak, a \u201emagyar nemzetnek\u201d adj\u00e1k vissza, mikor val\u00f3j\u00e1ban k\u00f6z\u00f6ns\u00e9ges \u00e1rucikk\u00e9rt, kamillate\u00e1\u00e9rt, Pick szal\u00e1mi\u00e9rt, s nem utols\u00f3 sorban a profit\u00e9hes nagyt\u0151ke szabad \u00fczletel\u00e9se rem\u00e9ny\u00e9ben annak a kommunista b\u00e1bkorm\u00e1nynak adj\u00e1k el, amelyiknek a feje az a K\u00e1d\u00e1r J\u00e1nos, akinek a keze a dics\u0151s\u00e9ges 56-os forradalom h\u0151seinek, m\u00e1rt\u00edrjainak v\u00e9r\u00e9t\u0151l szennyes<\/em>.\u201d<\/p>\n\n\n\n<p>B\u00e1r 1977 december\u00e9ben Washinton DC-ben t\u00fcntet\u00e9s is volt az ellen, hogy a Szent Koron\u00e1t ne adj\u00e1k ki a magyar \u00e1llamnak, de eddigre a k\u00e9rd\u00e9s m\u00e1r eld\u00f6nt\u00f6tt t\u00e9ny volt. Utols\u00f3 pr\u00f3b\u00e1lkoz\u00e1sk\u00e9nt az USA Legfels\u0151bb B\u00edr\u00f3s\u00e1g\u00e1hoz fordult t\u00f6bb kongresszusi k\u00e9pvisel\u0151, kezdem\u00e9nyezve, hogy b\u00edr\u00f3s\u00e1gi hat\u00e1rozattal tilts\u00e1k meg Carter eln\u00f6knek az \u00e1tad\u00e1st.<a href=\"#_ftn30\">[30]<\/a> Ez az elj\u00e1r\u00e1s majdnem lehetetlenn\u00e9 tette az eredetileg tervezett \u00e1tad\u00e1s d\u00e1tum\u00e1t, mivel a Kansas City-i ker\u00fcleti b\u00edr\u00f3s\u00e1g ideiglenesen felf\u00fcggesztette az eln\u00f6ki rendeletet az \u00e1tad\u00e1sra, s 1978. janu\u00e1r 3-ig adott hat\u00e1rid\u0151t arra, hogy a b\u00edr\u00f3s\u00e1gn\u00e1l r\u00e9szletesen kifejts\u00e9k az \u00e9rv\u00e9ket arra, mi\u00e9rt ne t\u00f6rt\u00e9njen meg a Szent Korona kiszolg\u00e1ltat\u00e1sa<a href=\"#_ftn31\">[31]<\/a>. De ez csak r\u00f6vid ideig adott \u201erem\u00e9nyt\u201d az amerikai emigr\u00e1ci\u00f3nak, mivel az USA Legfels\u0151bb B\u00edr\u00f3s\u00e1g\u00e1nak d\u00f6nt\u00e9s\u00e9vel minden akad\u00e1ly elh\u00e1rult az el\u0151l, hogy a magyar koron\u00e1z\u00e1si \u00e9kszerek elhagyj\u00e1k az USA ter\u00fclet\u00e9t, s Magyarorsz\u00e1gra ker\u00fcljenek. Bob Dole<a href=\"#_ftn32\">[32]<\/a> szen\u00e1tor, k\u00e9s\u0151bbi eln\u00f6kjel\u00f6lt \u00e9rv\u00e9t, miszerint a Korona \u00e1tad\u00e1sa nemzetk\u00f6zi szerz\u0151d\u00e9snek min\u0151s\u00fcl, ez\u00e9rt azt csak a Szen\u00e1tus hozz\u00e1j\u00e1rul\u00e1s\u00e1val lehet megk\u00f6tni, Byron R. White<a href=\"#_ftn33\">[33]<\/a> a Legfels\u0151bb B\u00edr\u00f3s\u00e1g egyesbir\u00e1ja elvetette, s kijelentette, ez nem tekinthet\u0151 annak, mert az \u00e1llamf\u0151nek ilyen esetekben diszkrecion\u00e1lis joga van \u00f6n\u00e1ll\u00f3an int\u00e9zkedni.<\/p>\n\n\n\n<p>Ezzel annak a lehet\u0151s\u00e9ge, hogy t\u00f6rv\u00e9nyi, vagy b\u00edr\u00f3i \u00faton az USA-ban tarts\u00e1k a Szent Koron\u00e1t, megsz\u0171nt. Az Amerikai-Kanadai Magyar \u00c9let szerkeszt\u0151je elkeseredett hangv\u00e9tel\u0171 cikk\u00e9ben \u00edgy fogalmazott (kiss\u00e9 zavaros c\u00edmad\u00e1s\u00fa cikk\u00e9ben, miszerint a p\u00e1pa helybenhagyta a Korona kiadat\u00e1s\u00e1t a kommunist\u00e1knak): \u201e<em>32 \u00e9vig volt Amerika \u0151rizet\u00e9ben, \u00e9ppen a kommunist\u00e1k miatt. Hat eln\u00f6k megv\u00e9dte a Koron\u00e1t, de a hetedik (a magyar k\u00f6zmond\u00e1s szerint is mindig baj van) azt kiadta Amerika gazdas\u00e1gi \u00e9rdekei miatt, az emberi szabads\u00e1gjogok elv\u00e9t feladva, melyet v\u00e1laszt\u00e1sa el\u0151tt Carter \u00e9s aleln\u00f6ke Mondale, m\u00e9g lapunk f\u0151szerkeszt\u0151j\u00e9nek is meg\u00edg\u00e9rt. Arra eml\u00e9kez\u00fcnk, hogy J\u00e9zus Krisztus korb\u00e1ccsal verte sz\u00e9t a kuf\u00e1rokat.<\/em><\/p>\n\n\n\n<p><em>E gy\u00e1sz napjaiban a XX. sz\u00e1zad Szentj\u00e9nek, Mindszenty b\u00edborosnak \u00fczenet\u00e9t k\u00fcldj\u00fck a Vatik\u00e1n fel\u00e9, hogy ez\u00e9rt m\u00e9g Isten \u00e9s a t\u00f6rt\u00e9nelem el\u0151tt felelnie kell<\/em>.\u201d<a href=\"#_ftn34\">[34]<\/a><\/p>\n\n\n\n<p>Az Amerikai-Kanadai Magyar \u00c9let, de a Katolikus Magyarok Vas\u00e1rnapja is, Jimmy Carternek ezt a d\u00f6nt\u00e9s\u00e9t, egyszer\u0171en \u00e1rul\u00e1snak fogt\u00e1k fel. Az el\u0151z\u0151 \u00fajs\u00e1g p\u00e1r h\u00e9ttel k\u00e9s\u0151bb \u00edgy fogalmazott: \u201e<em>Carter eln\u00f6k lelk\u00e9t hal\u00e1l\u00e1ig nyomni fogja, hogy semmitmond\u00f3 \u00edg\u00e9retek\u00e9rt eladta a magyar n\u00e9p lelk\u00e9b\u0151l fakad\u00f3 szabads\u00e1g \u00e9s f\u00fcggetlens\u00e9g eszm\u00e9j\u00e9t. Ugyanakkor cserbenhagyta az Egyes\u00fclt \u00c1llamok alkotm\u00e1ny\u00e1ban lefektetett emberi jogok eszm\u00e9j\u00e9t is.\u201d<a href=\"#_ftn35\"><strong>[35]<\/strong><\/a><\/em><\/p>\n\n\n\n<p>Az emigr\u00e1ns magyar sajt\u00f3ban m\u00e9g j\u00f3 ideig t\u00e9ma maradt a korona \u00e1tad\u00e1s\u00e1nak k\u00e9rd\u00e9se, s a sajt\u00f3 cikkeiben egy\u00e9rtelm\u0171en k\u00e9t ir\u00e1ny olvashat\u00f3 ki. Az egyik az elkesered\u00e9s volt. Elkesered\u00e9s, hogy hi\u00e1ba pr\u00f3b\u00e1ltak meg mindent, \u201e(\u2026) <em>hi\u00e1ba mutattunk impon\u00e1l\u00f3 egys\u00e9get az amerikai fels\u0151 vezet\u00e9s fel\u00e9, hi\u00e1ba mozgattunk meg minden k\u00f6vet, hi\u00e1ba \u00e1lltak \u00fcgy\u00fcnk mell\u00e9 befoly\u00e1sos amerikai politikusok tucatjai, akik meg\u00e9rtett\u00e9k \u00e9s maguk\u00e9v\u00e1 tett\u00e9k \u00e1ll\u00e1spontunkat, harcunk kudarcot vallott<\/em>.\u201d<a href=\"#_ftn36\">[36]<\/a><\/p>\n\n\n\n<p>A m\u00e1sik f\u0151 ir\u00e1ny a d\u00fch volt. Kifejezetten a regn\u00e1l\u00f3 demokrata p\u00e1rti hatalom ir\u00e1ny\u00e1ba mutatott ki el\u00e9gedetlens\u00e9get \u00e9s d\u00fch\u00f6t mind a k\u00e9t szeml\u00e9zett sajt\u00f3org\u00e1num. Volt olyan v\u00e9lem\u00e9ny, miszerint a Korona \u00e1tad\u00e1sa a Carter korm\u00e1ny \u201eWatergate-botr\u00e1nya\u201d<a href=\"#_ftn37\">[37]<\/a>.<\/p>\n\n\n\n<p>A Szent Koron\u00e1t 1978. janu\u00e1r 6-\u00e1n adt\u00e1k \u00e1t a magyar f\u00e9lnek. Ez t\u00f6rt\u00e9nelmi t\u00e9ny, s ennek k\u00f6r\u00fclm\u00e9nyein v\u00e1ltoztatni nem lehet. M\u00e9gis \u00e9rdekes, hogy a mai napig a magyar emigr\u00e1ci\u00f3nak ez egy \u00e9get\u0151 sebe, hogy \u00edgy \u00e9s akkor ker\u00fclt \u00e1tad\u00e1sra. Jelen sorok \u00edr\u00f3j\u00e1nak lehet\u0151s\u00e9ge volt egy \u00e9vet az Amerikai Egyes\u00fclt \u00c1llamok egyik magyar k\u00f6z\u00f6ss\u00e9g\u00e9n\u00e9l \u00f6nk\u00e9ntesk\u00e9nt elt\u00f6ltenie, s ott sz\u00e1mos esetben el\u0151ker\u00fcltek az aktu\u00e1lis amerikai politikai k\u00e9rd\u00e9sek. A k\u00f6z\u00f6ss\u00e9gnek majdnem 100 sz\u00e1zal\u00e9ka republik\u00e1nus, m\u00e9ghozz\u00e1 er\u0151sen republik\u00e1nus be\u00e1ll\u00edtotts\u00e1g\u00fa volt. S nem egy besz\u00e9lget\u00e9s sor\u00e1n felmer\u00fclt, hogy ez az\u00e9rt van, mert a demokrat\u00e1k \u2212 f\u0151leg az \u00edr sz\u00e1rmaz\u00e1s\u00faak \u2212 annyit \u00e1rtottak a magyars\u00e1gnak. Egy-egy id\u0151sebb besz\u00e9lget\u0151t\u00e1rs azt is felhozta, hogy p\u00e9ld\u00e1ul Carter kiadta a koron\u00e1t a kommunist\u00e1knak. A fiatalabbak arra hivatkoztak, hogy nekik m\u00e1r az apjuk is republik\u00e1nus volt, s ezen nem v\u00e1ltoztatnak.<\/p>\n\n\n\n<p>\u00d6sszefoglalva meg\u00e1llap\u00edthat\u00f3, hogy a Szent Korona 1978-as \u00e1tad\u00e1s\u00e1nak k\u00e9rd\u00e9se az amerikai magyar emigr\u00e1ci\u00f3 egyik legjelent\u0151sebb k\u00e9rd\u00e9s\u00e9v\u00e9 v\u00e1lt, s az \u00fcgy \u2212 gyakorlatilag \u2212 elvesz\u00edt\u00e9se el\u00e9gg\u00e9 megr\u00e1zta a diaszp\u00f3r\u00e1t. Az amerikai magyar sajt\u00f3t vizsg\u00e1lva ez az \u00fcgy tekinthet\u0151 az utols\u00f3 olyan k\u00e9rd\u00e9snek, amely mell\u00e9 \u2013 majdnem egy\u00f6ntet\u0171en \u2013 a teljes amerikai magyars\u00e1g mell\u00e9\u00e1llt, s amely az utols\u00f3 nagy \u00f6sszefog\u00e1s volt.<\/p>\n\n\n\n<hr class=\"wp-block-separator\"\/>\n\n\n\n<p><a href=\"#_ftnref1\">[1]<\/a> \u00cdr\u00e1somban a h\u00e1rom legnagyobb p\u00e9ld\u00e1nysz\u00e1mban megjelent amerikai magyar \u00fajs\u00e1got, az Amerika-Kanadai Magyar \u00c9letet, az Amerikai Magyar N\u00e9pszav\u00e1t, valamint a Katolikus Magyarok Vas\u00e1rnapja c\u00edm\u0171 kiadv\u00e1nyokat szeml\u00e9ztem. A cikkben szerepl\u0151 id\u00e9zetek forr\u00e1sa az Arcanum adatb\u00e1zisa volt.<\/p>\n\n\n\n<p><a href=\"#_ftnref2\">[2]<\/a> Sz\u00e1lasi Ferenc (Kassa, 1897. janu\u00e1r 6. \u2013 Budapest, Lip\u00f3tv\u00e1ros, 1946. m\u00e1rcius 12.)[2] a budapesti n\u00e9pb\u00edr\u00f3s\u00e1g \u00e1ltal h\u00e1bor\u00fas b\u0171n\u00f6sk\u00e9nt el\u00edt\u00e9lt hungarista politikus, t\u00f6bb nyilaskeresztes \u00e9s hungarista p\u00e1rt \u00e9s mozgalom megalap\u00edt\u00f3ja, Magyarorsz\u00e1g nemzetvezet\u0151je \u00e9s minisztereln\u00f6ke volt 1944 \u00e9s 1945 k\u00f6z\u00f6tt. A m\u00e1sodik vil\u00e1gh\u00e1bor\u00fa ut\u00e1n hal\u00e1lra \u00edt\u00e9lt\u00e9k \u00e9s kiv\u00e9gezt\u00e9k.<\/p>\n\n\n\n<p><a href=\"#_ftnref3\">[3]<\/a> Sz\u00e1lasi Ferenc nemzetvezet\u0151, Dun\u00e1nt\u00fal, 1944. november (34. \u00e9vfolyam, 249-269. sz\u00e1m) 1944-11-05 \/ 251. sz\u00e1m, pp.1.<\/p>\n\n\n\n<p><a href=\"#_ftnref4\">[4]<\/a> V\u00f6.: Szab\u00f3 Csaba: Az \u201eelveszett\u201d magyar szent korona hazat\u00e9r\u00e9se 1978-ban, Archivnet, <a href=\"http:\/\/www.archivnet.hu\/politika\/az_elveszett_magyar_szent_korona_hazaterese_1978ban.html\">http:\/\/www.archivnet.hu\/politika\/az_elveszett_magyar_szent_korona_hazaterese_1978ban.html<\/a> (Legutols\u00f3 let\u00f6lt\u00e9s: 2018. november 3. )<\/p>\n\n\n\n<p><a href=\"#_ftnref5\">[5]<\/a> v\u00f6.: Hadizs\u00e1km\u00e1ny, Magyar \u00c9rtelmez\u0151 K\u00e9zisz\u00f3t\u00e1r, Budapest, Akad\u00e9miai Kiad\u00f3, 1959.<\/p>\n\n\n\n<p><a href=\"#_ftnref6\">[6]<\/a> v\u00f6.: R\u00e1szlai Tibor: A Szent Korona hazat\u00e9r\u00e9se. Val\u00f3s\u00e1g, 2006. j\u00fanius, XLIX. \u00e9vfolyam, 6. sz\u00e1m.<\/p>\n\n\n\n<p><a href=\"#_ftnref7\">[7]<\/a> Robert Vogeler a Standard \u00fcgyben 15 \u00e9vre \u00edt\u00e9let amerikai \u00e1llampolg\u00e1r.<\/p>\n\n\n\n<p><a href=\"#_ftnref8\">[8]<\/a> R\u00e1kosi M\u00e1ty\u00e1s (1903-ig Rosenfeld M\u00e1ty\u00e1s, Ada, 1892. m\u00e1rcius 9. \u2013 Gorkij, 1971. febru\u00e1r 5.) 1945\u201356 k\u00f6z\u00f6tt a Magyar Kommunista P\u00e1rt, illetve a Magyar Dolgoz\u00f3k P\u00e1rtja f\u0151-, majd els\u0151 titk\u00e1ra, 1952\u201353-ban a Magyar N\u00e9pk\u00f6zt\u00e1rsas\u00e1g Minisztertan\u00e1cs\u00e1nak eln\u00f6ke is.<\/p>\n\n\n\n<p><a href=\"#_ftnref9\">[9]<\/a> Nem a korm\u00e1ny, a n\u00e9p kapta vissza, K\u00f6zt\u00e1rsas\u00e1g, 1992. okt\u00f3ber-december (1. \u00e9vfolyam, 25-33. sz\u00e1m) 1992-12-11 \/ 31. sz\u00e1m, pp. 56-61.<\/p>\n\n\n\n<p><a href=\"#_ftnref10\">[10]<\/a> Katolikus Magyarok Vas\u00e1rnapja: a katolikus magyar kiv\u00e1ndorl\u00f3k, k\u00e9s\u0151bb menek\u00fcltek \u00e9szak-amerikai, majd az eg\u00e9sz vil\u00e1gra eljut\u00f3 hetilapja. B\u00f6hm K\u00e1roly clevelandi lelkip\u00e1sztor alap\u00edtotta 1894-ben Magyarorsz\u00e1gi Szent Erzs\u00e9bet Amerikai H\u00edrn\u00f6ke c\u00edmmel. T\u00f6bb n\u00e9vv\u00e1ltoztat\u00e1s ut\u00e1n 1993-ban sz\u0171nt meg.<\/p>\n\n\n\n<p><a href=\"#_ftnref11\">[11]<\/a> Vit\u00e9z Erd\u00e9lyi Istv\u00e1n: A Szent Korona k\u00e1lv\u00e1ri\u00e1ja, Katolikus Magyarok Vas\u00e1rnapja, 1978 (85. \u00e9vfolyam, 1-50. sz\u00e1m)1978-02-05 \/ 5. sz\u00e1m, pp. 2.<\/p>\n\n\n\n<p><a href=\"#_ftnref12\">[12]<\/a> \u00d6sszefoglal\u00f3 feljegyz\u00e9s az Amerikai Egyes\u00fclt \u00c1llamok \u00e9s a Magyar N\u00e9pk\u00f6zt\u00e1rsas\u00e1g k\u00f6z\u00f6tt a Szent Korona visszaszolg\u00e1ltat\u00e1sa \u00e9rdek\u00e9ben kifejtett k\u00fcl\u00fcgyi l\u00e9p\u00e9sekr\u0151l, Budapest, 1978., MOL XIX-J-1-j-USA-IV-10-00255-11-1978. (22. d.). Hiteles\u00edt\u00e9s n\u00e9lk\u00fcli tiszt\u00e1zat.<\/p>\n\n\n\n<p><a href=\"#_ftnref13\">[13]<\/a> Szek\u00e9r Gyula Dr. (Celld\u00f6m\u00f6lk, 1925. szeptember 24. \u2212 Budapest, 2015. december 17.) vegy\u00e9sz, a k\u00e9miai tudom\u00e1nyok akad\u00e9miai doktora, c\u00edmzetes egyetemi tan\u00e1r, iparpolitikus, 1971-t\u0151l 1976-ig neh\u00e9zipari miniszter, 1976-t\u00f3l 1980-ig minisztereln\u00f6k-helyettes, 1962\u20131966-ig az MSZMP KB p\u00f3ttagja, 1966-t\u00f3l 1985-ig tagja.<\/p>\n\n\n\n<p><a href=\"#_ftnref14\">[14]<\/a> Elliot Rocardson (Boston, MA, 1920. j\u00falius 20. \u2013 Boston, MA, 1999. december 31.) 1976-1977 k\u00f6z\u00f6tt az USA kereskedelmi minisztere.<\/p>\n\n\n\n<p><a href=\"#_ftnref15\">[15]<\/a> Gerald Rudolph Ford, ifj. (Omaha, Nebraska, 1913. j\u00falius 14. \u2013 Rancho Mirage, Kalifornia, 2006. december 26.) az Amerikai Egyes\u00fclt \u00c1llamok 38. eln\u00f6ke 1974 \u00e9s 1977 k\u00f6z\u00f6tt valamint 40. aleln\u00f6ke 1973-t\u00f3l 1974-ig.<\/p>\n\n\n\n<p><a href=\"#_ftnref16\">[16]<\/a> Szek\u00e9r Gyula: A korona hazat\u00e9r\u00e9s\u00e9nek el\u0151k\u00e9sz\u00fclete, Hist\u00f3ria, 2004. 04.08., <a href=\"http:\/\/www.historia.hu\/archivum\/2004\/0408szeker.htm\">http:\/\/www.historia.hu\/archivum\/2004\/0408szeker.htm<\/a> (Legutols\u00f3 let\u00f6lt\u00e9s: 2018. november 3.)<\/p>\n\n\n\n<p><a href=\"#_ftnref17\">[17]<\/a> Katolikus Magyarok Vas\u00e1rnapja, 1976 (83. \u00e9vfolyam, 1-50. sz\u00e1m) 1976-05-16 \/ 19. sz\u00e1m, pp.3.<\/p>\n\n\n\n<p><a href=\"#_ftnref18\">[18]<\/a> Jonathan Brewster Bingham (New Haven, CT, 1914. \u00e1prilis 24. \u2013 New York, NY, 1986. j\u00falius 3.) amerikai politikus, New York \u00e1llam k\u00e9pvisel\u0151je az amerikai Kongresszusban, 1965-1983 k\u00f6z\u00f6tt.<\/p>\n\n\n\n<p><a href=\"#_ftnref19\">[19]<\/a> v\u00f6.: Amerikai Magyar N\u00e9pszava, 1975. janu\u00e1r-j\u00fanius (85. \u00e9vfolyam, 1-26. sz\u00e1m 1975-03-14 \/ 11. sz\u00e1m, pp. 16.<\/p>\n\n\n\n<p><a href=\"#_ftnref20\">[20]<\/a> Magyars\u00e1g, 1977. janu\u00e1r-december (52. \u00e9vfolyam, 1-47. sz\u00e1m) 1977-10-14 \/ 36. sz\u00e1m, pp. 1.<\/p>\n\n\n\n<p><a href=\"#_ftnref21\">[21]<\/a> v\u00f6.: Amerikai-Kanadai Magyar \u00c9let, 1977. febru\u00e1r (19. \u00e9vfolyam, 5-8. sz\u00e1m) 1977-02-26 \/ 8. sz\u00e1m<\/p>\n\n\n\n<p><a href=\"#_ftnref22\">[22]<\/a> James Earl \u201eJimmy\u201d Carter Jr. (Plains, Georgia, 1924. okt\u00f3ber 1. \u2013) Nobel-b\u00e9ked\u00edjas amerikai politikus, Georgia \u00e1llam korm\u00e1nyz\u00f3ja, az Amerikai Egyes\u00fclt \u00c1llamok 39. eln\u00f6ke.<\/p>\n\n\n\n<p><a href=\"#_ftnref23\">[23]<\/a> Amerika-Kanadai Magyar \u00c9let \u2013 Kanad\u00e1ban megjelen\u0151 hetilap, els\u0151 sz\u00e1ma 1958-ban jelent meg.<\/p>\n\n\n\n<p><a href=\"#_ftnref24\">[24]<\/a> Katolikus Magyarok Vas\u00e1rnapja, 1977 (84. \u00e9vfolyam, 1-50. sz\u00e1m)1977-07-03 \/ 26. sz\u00e1m, pp. 2.<\/p>\n\n\n\n<p><a href=\"#_ftnref25\">[25]<\/a> Katolikus Magyarok Vas\u00e1rnapja, 1977 (84. \u00e9vfolyam, 1-50. sz\u00e1m)1977-07-24 \/ 29. sz\u00e1m, pp. 1.<\/p>\n\n\n\n<p><a href=\"#_ftnref26\">[26]<\/a> Edward Joseph Derwinski (Chicago, IL, 1926. szeptember 15. \u2013 Oak Brook, IL, 2012. janu\u00e1r 15.) repubik\u00e1nus kongresszusi k\u00e9pvisel\u0151 Illinois k\u00e9pviselet\u00e9ben, k\u00e9s\u0151bb az USA els\u0151 veter\u00e1n\u00fcgyi minisztere<\/p>\n\n\n\n<p><a href=\"#_ftnref27\">[27]<\/a> Katolikus Magyarok Vas\u00e1rnapja, 1977 (84. \u00e9vfolyam, 1-50. sz\u00e1m) 1977-10-16 \/ 39. sz\u00e1m, pp. 6.<\/p>\n\n\n\n<p><a href=\"#_ftnref28\">[28]<\/a> Amerikai-Kanadai Magyar \u00c9let, 1977. november (19. \u00e9vfolyam, 43-46. sz\u00e1m)1977-11-26 \/ 46. sz\u00e1m, pp. 4.<\/p>\n\n\n\n<p><a href=\"#_ftnref29\">[29]<\/a> Katolikus Magyarok Vas\u00e1rnapja, 1977 (84. \u00e9vfolyam, 1-50. sz\u00e1m)1977-11-27 \/ 45. sz\u00e1m, pp. 1.<\/p>\n\n\n\n<p><a href=\"#_ftnref30\">[30]<\/a> Katolikus Magyarok Vas\u00e1rnapja, 1977 (84. \u00e9vfolyam, 1-50. sz\u00e1m)1977-12-18 \/ 48. sz\u00e1m, pp. 1.<\/p>\n\n\n\n<p><a href=\"#_ftnref31\">[31]<\/a> Amerikai-Kanadai Magyar \u00c9let, 1978. janu\u00e1r (20. \u00e9vfolyam, 1-4. sz\u00e1m)1978-01-07 \/ 1. sz\u00e1m, pp. 1.<\/p>\n\n\n\n<p><a href=\"#_ftnref32\">[32]<\/a> Robert Joseph Dole (Russell, 1923. j\u00falius 22. \u2013 , ) az Amerikai Egyes\u00fclt \u00c1llamok szen\u00e1tora (Kansas, 1969\u20131996). 1996-ban a Republik\u00e1nus P\u00e1rt jel\u00f6ltje volt az amerikai eln\u00f6kv\u00e1laszt\u00e1son, de veres\u00e9get szenvedett a hivatalban l\u00e9v\u0151 eln\u00f6kt\u0151l, Bill Clintont\u00f3l.<\/p>\n\n\n\n<p><a href=\"#_ftnref33\">[33]<\/a> Byron R. White (Fort Collins, CO, 1917. j\u00fanius 8. \u2013 Denver, CO, 2002. \u00e1prilis 15.), az Amerikai Legfels\u0151bb B\u00edr\u00f3s\u00e1g t\u00e1rsb\u00edr\u00e1ja 1962-1993 k\u00f6z\u00f6tt<\/p>\n\n\n\n<p><a href=\"#_ftnref34\">[34]<\/a> Amerikai-Kanadai Magyar \u00c9let, 1978. janu\u00e1r (20. \u00e9vfolyam, 1-4. sz\u00e1m)1978-01-14 \/ 2. sz\u00e1m, pp. 2.<\/p>\n\n\n\n<p><a href=\"#_ftnref35\">[35]<\/a> Amerikai-Kanadai Magyar \u00c9let, 1978. janu\u00e1r (20. \u00e9vfolyam, 1-4. sz\u00e1m)1978-01-21 \/ 3. sz\u00e1m, pp. 1.<\/p>\n\n\n\n<p><a href=\"#_ftnref36\">[36]<\/a> Katolikus Magyarok Vas\u00e1rnapja, 1978 (85. \u00e9vfolyam, 1-50. sz\u00e1m)1978-01-22 \/ 3. sz\u00e1m, pp. 5.<\/p>\n\n\n\n<p><a href=\"#_ftnref37\">[37]<\/a> Katolikus Magyarok Vas\u00e1rnapja, 1978 (85. \u00e9vfolyam, 1-50. sz\u00e1m)1978-03-19 \/ 11. sz\u00e1m, pp. 5.<\/p>\n\n\n\n<p>Eredetileg megjelent: Egyh\u00e1zt\u00f6rt\u00e9neti Szemle XX\/1 (2019)<\/p>\n\n\n\n<div class=\"wp-block-file\"><a href=\"https:\/\/dudasrgy.hu\/wp-content\/uploads\/2020\/12\/szemle-19-1-145-153.pdf\">Let\u00f6lthet\u0151: szemle-19-1-145-153<\/a><a href=\"https:\/\/dudasrgy.hu\/wp-content\/uploads\/2020\/12\/szemle-19-1-145-153.pdf\" class=\"wp-block-file__button\" download>Let\u00f6lt\u00e9s<\/a><\/div>\n ","protected":false},"excerpt":{"rendered":"<p>Dolgozatom c\u00e9lja, hogy bemutassa azt a pol\u00e9mi\u00e1t, amely a magyar koron\u00e1z\u00e1si \u00e9kszerek az Amerikai Egyes\u00fclt \u00c1llamokb\u00f3l t\u00f6rt\u00e9n\u0151 1978-as visszaszolg\u00e1ltat\u00e1sa k\u00f6r\u00fcl mer\u00fclt fel az amerikai magyar katolikus sajt\u00f3ban[1]. Mind amerikai, mind magyar r\u00e9szr\u0151l a visszaad\u00e1s k\u00e9rd\u00e9se t\u00f6bb alkalommal is felmer\u00fclt, de az v\u00e9g\u00fcl is csak 1978. janu\u00e1r 6-\u00e1n t\u00f6rt\u00e9nt meg. Dolgozatomban szeretn\u00e9k r\u00e1mutatni a visszaad\u00e1s k\u00f6r\u00fcli jogi huzavon\u00e1ra, illetve a visszaad\u00e1snak az amerikai magyar t\u00e1rsadalomra \u2013 kimondva- kimondatlanul \u2013 m\u00e1ig tart\u00f3 hat\u00e1s\u00e1ra. A magyar Szent Korona, valamint a koron\u00e1z\u00e1si jelv\u00e9nyek \u00e9s korona\u00e9kszerek (a tov\u00e1bbiakban Szent Korona) 1945-ben ker\u00fcltek k\u00fclf\u00f6ldre. Hossz\u00fa kaland [&hellip;]<\/p>\n","protected":false},"author":2,"featured_media":108,"comment_status":"open","ping_status":"open","sticky":false,"template":"","format":"standard","meta":{"footnotes":""},"categories":[8,13],"tags":[],"class_list":["post-107","post","type-post","status-publish","format-standard","has-post-thumbnail","hentry","category-amerikai-magyar-papsag","category-egyhaztorteneti-szemle","cat-8-id","cat-13-id","has_thumb"],"_links":{"self":[{"href":"https:\/\/dudasrgy.hu\/index.php?rest_route=\/wp\/v2\/posts\/107","targetHints":{"allow":["GET"]}}],"collection":[{"href":"https:\/\/dudasrgy.hu\/index.php?rest_route=\/wp\/v2\/posts"}],"about":[{"href":"https:\/\/dudasrgy.hu\/index.php?rest_route=\/wp\/v2\/types\/post"}],"author":[{"embeddable":true,"href":"https:\/\/dudasrgy.hu\/index.php?rest_route=\/wp\/v2\/users\/2"}],"replies":[{"embeddable":true,"href":"https:\/\/dudasrgy.hu\/index.php?rest_route=%2Fwp%2Fv2%2Fcomments&post=107"}],"version-history":[{"count":1,"href":"https:\/\/dudasrgy.hu\/index.php?rest_route=\/wp\/v2\/posts\/107\/revisions"}],"predecessor-version":[{"id":110,"href":"https:\/\/dudasrgy.hu\/index.php?rest_route=\/wp\/v2\/posts\/107\/revisions\/110"}],"wp:featuredmedia":[{"embeddable":true,"href":"https:\/\/dudasrgy.hu\/index.php?rest_route=\/wp\/v2\/media\/108"}],"wp:attachment":[{"href":"https:\/\/dudasrgy.hu\/index.php?rest_route=%2Fwp%2Fv2%2Fmedia&parent=107"}],"wp:term":[{"taxonomy":"category","embeddable":true,"href":"https:\/\/dudasrgy.hu\/index.php?rest_route=%2Fwp%2Fv2%2Fcategories&post=107"},{"taxonomy":"post_tag","embeddable":true,"href":"https:\/\/dudasrgy.hu\/index.php?rest_route=%2Fwp%2Fv2%2Ftags&post=107"}],"curies":[{"name":"wp","href":"https:\/\/api.w.org\/{rel}","templated":true}]}}